{"id":360594,"date":"2025-07-28T19:32:32","date_gmt":"2025-07-28T16:32:32","guid":{"rendered":"https:\/\/sana.sy\/es\/?p=360594"},"modified":"2025-07-28T19:32:32","modified_gmt":"2025-07-28T16:32:32","slug":"siria-e-india-abogan-por-fortalecer-sus-relaciones-bilaterales","status":"publish","type":"post","link":"https:\/\/archive.sana.sy\/es\/?p=360594","title":{"rendered":"Siria e India abogan por fortalecer sus relaciones bilaterales"},"content":{"rendered":"<p style=\"text-align: justify;\"><span style=\"color: #800000;\"><strong>Damasco, 28 jul (SANA)<\/strong><\/span>\u00a0 El ministro de Asuntos Exteriores y Expatriados de Siria, Asaad Al-Shaibani, recibi\u00f3 en Damasco a una delegaci\u00f3n india encabezada por Suresh Kumar, director del Departamento de Asia Occidental y Norte de \u00c1frica del Ministerio de Asuntos Exteriores de la India.<\/p>\n<p style=\"text-align: justify;\">Durante el encuentro, ambas partes abordaron temas de inter\u00e9s mutuo y discutieron v\u00edas para fortalecer las relaciones bilaterales, en beneficio de los pueblos sirio e indio.<\/p>\n<div id='gallery-1' class='gallery galleryid-360594 gallery-columns-1 gallery-size-full'><figure class='gallery-item'>\n\t\t\t<div class='gallery-icon landscape'>\n\t\t\t\t<a href='https:\/\/archive.sana.sy\/es\/wp-content\/uploads\/2025\/07\/Siria-e-India-abogan-por-fortalecer-sus-relaciones-bilaterales-2.jpg'><img loading=\"lazy\" decoding=\"async\" width=\"2560\" height=\"1440\" src=\"https:\/\/archive.sana.sy\/es\/wp-content\/uploads\/2025\/07\/Siria-e-India-abogan-por-fortalecer-sus-relaciones-bilaterales-2.jpg\" class=\"attachment-full size-full\" alt=\"\" srcset=\"https:\/\/archive.sana.sy\/es\/wp-content\/uploads\/2025\/07\/Siria-e-India-abogan-por-fortalecer-sus-relaciones-bilaterales-2.jpg 2560w, https:\/\/archive.sana.sy\/es\/wp-content\/uploads\/2025\/07\/Siria-e-India-abogan-por-fortalecer-sus-relaciones-bilaterales-2-300x169.jpg 300w, https:\/\/archive.sana.sy\/es\/wp-content\/uploads\/2025\/07\/Siria-e-India-abogan-por-fortalecer-sus-relaciones-bilaterales-2-1024x576.jpg 1024w, https:\/\/archive.sana.sy\/es\/wp-content\/uploads\/2025\/07\/Siria-e-India-abogan-por-fortalecer-sus-relaciones-bilaterales-2-150x84.jpg 150w, https:\/\/archive.sana.sy\/es\/wp-content\/uploads\/2025\/07\/Siria-e-India-abogan-por-fortalecer-sus-relaciones-bilaterales-2-768x432.jpg 768w, https:\/\/archive.sana.sy\/es\/wp-content\/uploads\/2025\/07\/Siria-e-India-abogan-por-fortalecer-sus-relaciones-bilaterales-2-1536x864.jpg 1536w, https:\/\/archive.sana.sy\/es\/wp-content\/uploads\/2025\/07\/Siria-e-India-abogan-por-fortalecer-sus-relaciones-bilaterales-2-2048x1152.jpg 2048w\" sizes=\"(max-width: 2560px) 100vw, 2560px\" \/><\/a>\n\t\t\t<\/div><\/figure><figure class='gallery-item'>\n\t\t\t<div class='gallery-icon landscape'>\n\t\t\t\t<a href='https:\/\/archive.sana.sy\/es\/wp-content\/uploads\/2025\/07\/Siria-e-India-abogan-por-fortalecer-sus-relaciones-bilaterales-3.jpg'><img loading=\"lazy\" decoding=\"async\" width=\"2560\" height=\"1440\" src=\"https:\/\/archive.sana.sy\/es\/wp-content\/uploads\/2025\/07\/Siria-e-India-abogan-por-fortalecer-sus-relaciones-bilaterales-3.jpg\" class=\"attachment-full size-full\" alt=\"\" srcset=\"https:\/\/archive.sana.sy\/es\/wp-content\/uploads\/2025\/07\/Siria-e-India-abogan-por-fortalecer-sus-relaciones-bilaterales-3.jpg 2560w, https:\/\/archive.sana.sy\/es\/wp-content\/uploads\/2025\/07\/Siria-e-India-abogan-por-fortalecer-sus-relaciones-bilaterales-3-300x169.jpg 300w, https:\/\/archive.sana.sy\/es\/wp-content\/uploads\/2025\/07\/Siria-e-India-abogan-por-fortalecer-sus-relaciones-bilaterales-3-1024x576.jpg 1024w, https:\/\/archive.sana.sy\/es\/wp-content\/uploads\/2025\/07\/Siria-e-India-abogan-por-fortalecer-sus-relaciones-bilaterales-3-150x84.jpg 150w, https:\/\/archive.sana.sy\/es\/wp-content\/uploads\/2025\/07\/Siria-e-India-abogan-por-fortalecer-sus-relaciones-bilaterales-3-768x432.jpg 768w, https:\/\/archive.sana.sy\/es\/wp-content\/uploads\/2025\/07\/Siria-e-India-abogan-por-fortalecer-sus-relaciones-bilaterales-3-1536x864.jpg 1536w, https:\/\/archive.sana.sy\/es\/wp-content\/uploads\/2025\/07\/Siria-e-India-abogan-por-fortalecer-sus-relaciones-bilaterales-3-2048x1152.jpg 2048w\" sizes=\"(max-width: 2560px) 100vw, 2560px\" \/><\/a>\n\t\t\t<\/div><\/figure>\n\t\t<\/div>\n\n","protected":false},"excerpt":{"rendered":"<p>Damasco, 28 jul (SANA)\u00a0 El ministro de Asuntos Exteriores y Expatriados de Siria, Asaad Al-Shaibani, recibi\u00f3 en Damasco a una delegaci\u00f3n india encabezada por Suresh Kumar, director del Departamento de Asia Occidental y Norte de \u00c1frica del Ministerio de Asuntos Exteriores de la India. Durante el encuentro, ambas partes abordaron temas de inter\u00e9s mutuo y &hellip;<\/p>\n","protected":false},"author":31,"featured_media":360595,"comment_status":"closed","ping_status":"closed","sticky":false,"template":"","format":"standard","meta":{"footnotes":""},"categories":[597,476,583],"tags":[],"class_list":["post-360594","post","type-post","status-publish","format-standard","has-post-thumbnail","","category-cinta-de-noticias","category-locales","category-slide"],"_links":{"self":[{"href":"https:\/\/archive.sana.sy\/es\/index.php?rest_route=\/wp\/v2\/posts\/360594"}],"collection":[{"href":"https:\/\/archive.sana.sy\/es\/index.php?rest_route=\/wp\/v2\/posts"}],"about":[{"href":"https:\/\/archive.sana.sy\/es\/index.php?rest_route=\/wp\/v2\/types\/post"}],"author":[{"embeddable":true,"href":"https:\/\/archive.sana.sy\/es\/index.php?rest_route=\/wp\/v2\/users\/31"}],"replies":[{"embeddable":true,"href":"https:\/\/archive.sana.sy\/es\/index.php?rest_route=%2Fwp%2Fv2%2Fcomments&post=360594"}],"version-history":[{"count":1,"href":"https:\/\/archive.sana.sy\/es\/index.php?rest_route=\/wp\/v2\/posts\/360594\/revisions"}],"predecessor-version":[{"id":360598,"href":"https:\/\/archive.sana.sy\/es\/index.php?rest_route=\/wp\/v2\/posts\/360594\/revisions\/360598"}],"wp:featuredmedia":[{"embeddable":true,"href":"https:\/\/archive.sana.sy\/es\/index.php?rest_route=\/wp\/v2\/media\/360595"}],"wp:attachment":[{"href":"https:\/\/archive.sana.sy\/es\/index.php?rest_route=%2Fwp%2Fv2%2Fmedia&parent=360594"}],"wp:term":[{"taxonomy":"category","embeddable":true,"href":"https:\/\/archive.sana.sy\/es\/index.php?rest_route=%2Fwp%2Fv2%2Fcategories&post=360594"},{"taxonomy":"post_tag","embeddable":true,"href":"https:\/\/archive.sana.sy\/es\/index.php?rest_route=%2Fwp%2Fv2%2Ftags&post=360594"}],"curies":[{"name":"wp","href":"https:\/\/api.w.org\/{rel}","templated":true}]}}