{"id":36061,"date":"2016-01-05T12:23:46","date_gmt":"2016-01-05T10:23:46","guid":{"rendered":"http:\/\/sana.sy\/es\/?p=36061"},"modified":"2016-01-05T13:39:26","modified_gmt":"2016-01-05T11:39:26","slug":"inician-en-damasco-las-actividades-del-encuentro-internacional-de-juventud-para-solidaridad-con-siria","status":"publish","type":"post","link":"https:\/\/archive.sana.sy\/es\/?p=36061","title":{"rendered":"Inician en Damasco las actividades del Encuentro Internacional de Juventud para Solidaridad con Siria"},"content":{"rendered":"<p><span style=\"color: #800000\">Damasco, SANA<\/span><\/p>\n<div><\/div>\n<div><span lang=\"ES-TRAD\">Han iniciado en esta capital, las reuniones del Encuentro Internacional de Juventud para la Solidaridad con Siria.<\/span><\/div>\n<div><span lang=\"ES-TRAD\">\u00a0<\/span><\/div>\n<div><span lang=\"ES-TRAD\">En un discurso pronunciado durante la inauguraci\u00f3n del Encuentro, el presidente de la Uni\u00f3n de la Juventud Revolucionaria de Siria, Maan Abboud, dijo que el apoyo de Siria a la resistencia y su decisi\u00f3n soberana no le ha convenido a las fuerzas del mal y es por eso que est\u00e1n intentando ahora implementar su agenda vil y conspiradora al apoyar el terrorismo.<\/span><\/div>\n<div><span lang=\"ES-TRAD\">\u00a0<\/span><\/div>\n<div><span lang=\"ES-TRAD\">Abboud, dijo que la historia recordar\u00e1 la legendaria firmeza del pueblo y de las Fuerzas Armadas sirias que defienden y sacrifican para defender el suelo de la patria.<\/span><\/div>\n<div><span lang=\"ES-TRAD\">\u00a0<\/span><\/div>\n<div><span lang=\"ES-TRAD\">Por su parte, Alif Ihsanoglu, la jefe de la Uni\u00f3n Mundial de Juventud antiimperialista, dijo que la celebraci\u00f3n del encuentro en Siria es una muestra de apoyo y solidaridad de la juventud del mundo con Siria en su guerra contra la embestida lanzada por el Imperialismo y sus lacayos terroristas&#8221;.<\/span><\/div>\n<div><span lang=\"ES-TRAD\">\u00a0<\/span><\/div>\n<div><span lang=\"ES-TRAD\">Participan en el evento que se celebra bajo el lema &#8220;Levanten sus manos de Siria&#8221;, j\u00f3venes de 20 pa\u00edses \u00e1rabes y extranjeros.<\/span><\/div>\n<div><span lang=\"ES-TRAD\">\u00a0<\/span><\/div>\n<div><span lang=\"ES-TRAD\">Como parte de las actividades del Encuentro, los participantes visitar\u00e1n la Gran Mezquita de los Omeyas, la sede del Patriarcado de Antioqu\u00eda y todo Oriente para Greco-ortodoxos, el Monumento del Soldado Desconocido y la Escuela de Hijas de M\u00e1rtires.<\/span><\/div>\n<div class=\"yj6qo ajU\"><\/div>\n<p>&nbsp;<\/p>\n<p>Fadi M., Hala B.<\/p>\n","protected":false},"excerpt":{"rendered":"<p>Damasco, SANA Han iniciado en esta capital, las reuniones del Encuentro Internacional de Juventud para la Solidaridad con Siria. \u00a0 En un discurso pronunciado durante la inauguraci\u00f3n del Encuentro, el presidente de la Uni\u00f3n de la Juventud Revolucionaria de Siria, Maan Abboud, dijo que el apoyo de Siria a la resistencia y su decisi\u00f3n soberana &hellip;<\/p>\n","protected":false},"author":1,"featured_media":36062,"comment_status":"closed","ping_status":"closed","sticky":false,"template":"","format":"standard","meta":{"footnotes":""},"categories":[477,476,7541],"tags":[],"class_list":["post-36061","post","type-post","status-publish","format-standard","has-post-thumbnail","","category-noticias-edulcorantes","category-locales","category-ultimas-noticias"],"_links":{"self":[{"href":"https:\/\/archive.sana.sy\/es\/index.php?rest_route=\/wp\/v2\/posts\/36061"}],"collection":[{"href":"https:\/\/archive.sana.sy\/es\/index.php?rest_route=\/wp\/v2\/posts"}],"about":[{"href":"https:\/\/archive.sana.sy\/es\/index.php?rest_route=\/wp\/v2\/types\/post"}],"author":[{"embeddable":true,"href":"https:\/\/archive.sana.sy\/es\/index.php?rest_route=\/wp\/v2\/users\/1"}],"replies":[{"embeddable":true,"href":"https:\/\/archive.sana.sy\/es\/index.php?rest_route=%2Fwp%2Fv2%2Fcomments&post=36061"}],"version-history":[{"count":0,"href":"https:\/\/archive.sana.sy\/es\/index.php?rest_route=\/wp\/v2\/posts\/36061\/revisions"}],"wp:featuredmedia":[{"embeddable":true,"href":"https:\/\/archive.sana.sy\/es\/index.php?rest_route=\/wp\/v2\/media\/36062"}],"wp:attachment":[{"href":"https:\/\/archive.sana.sy\/es\/index.php?rest_route=%2Fwp%2Fv2%2Fmedia&parent=36061"}],"wp:term":[{"taxonomy":"category","embeddable":true,"href":"https:\/\/archive.sana.sy\/es\/index.php?rest_route=%2Fwp%2Fv2%2Fcategories&post=36061"},{"taxonomy":"post_tag","embeddable":true,"href":"https:\/\/archive.sana.sy\/es\/index.php?rest_route=%2Fwp%2Fv2%2Ftags&post=36061"}],"curies":[{"name":"wp","href":"https:\/\/api.w.org\/{rel}","templated":true}]}}