{"id":36070,"date":"2016-01-05T13:54:30","date_gmt":"2016-01-05T11:54:30","guid":{"rendered":"http:\/\/sana.sy\/es\/?p=36070"},"modified":"2016-01-05T13:54:30","modified_gmt":"2016-01-05T11:54:30","slug":"moscu-insta-a-investigar-el-empleo-de-la-arma-quimica-en-siria-por-parte-del-ei","status":"publish","type":"post","link":"https:\/\/archive.sana.sy\/es\/?p=36070","title":{"rendered":"Mosc\u00fa insta a investigar el empleo de la arma qu\u00edmica en Siria por parte del EI"},"content":{"rendered":"<div><span lang=\"ES-TRAD\" style=\"color: #800000\">Mosc\u00fa, SANA<\/span><\/div>\n<div><span lang=\"ES-TRAD\">\u00a0<\/span><\/div>\n<div><span lang=\"ES-TRAD\">Mosc\u00fa inst\u00f3 a investigar el empleo de la arma qu\u00edmica en Siria por parte de la organizaci\u00f3n terrorista del &#8220;Estado Isl\u00e1mico&#8221;, y la informaci\u00f3n sobre posible suministraci\u00f3n de unos componentes de sar\u00edn de Turqu\u00eda.<\/span><\/div>\n<div><span lang=\"ES-TRAD\">\u00a0<\/span><\/div>\n<div><span lang=\"ES-TRAD\">En declaraciones a la agencia RIA Novosti, el director del Departamento para no Proliferaci\u00f3n y Control de las Armas, Mija\u00edl Ulianov, indic\u00f3 que en varias ocasiones se hab\u00eda fijado los casos del posible uso de la arma qu\u00edmica por los terroristas del EI.<\/span><\/div>\n<div><span lang=\"ES-TRAD\">\u00a0<\/span><\/div>\n<div><span lang=\"ES-TRAD\">Asimismo consider\u00f3 que la probabilidad que los terroristas empleen la arma es muy alta, destacando que el gobierno sirio env\u00edo en m\u00e1s de 10 ocasiones al Consejo de Seguridad de la ONU y a la Organizaci\u00f3n para la Prohibici\u00f3n de Armas Qu\u00edmicas una informaci\u00f3n correspondiente&#8221;.<\/span><\/div>\n<div><span lang=\"ES-TRAD\">\u00a0<\/span><\/div>\n<div><span lang=\"ES-TRAD\">El funcionario ruso se\u00f1al\u00f3 que Occidente rechaza investigar los ataques en Siria por la pol\u00edtica de estigma hacia el gobierno de Damasco.<\/span><\/div>\n<div><\/div>\n<div>Fady M., Hala B.<\/div>\n<div class=\"yj6qo ajU\">\n<div id=\":l2\" class=\"ajR\"><img decoding=\"async\" class=\"ajT\" src=\"https:\/\/ssl.gstatic.com\/ui\/v1\/icons\/mail\/images\/cleardot.gif\" alt=\"\" \/><\/div>\n<\/div>\n","protected":false},"excerpt":{"rendered":"<p>Mosc\u00fa, SANA \u00a0 Mosc\u00fa inst\u00f3 a investigar el empleo de la arma qu\u00edmica en Siria por parte de la organizaci\u00f3n terrorista del &#8220;Estado Isl\u00e1mico&#8221;, y la informaci\u00f3n sobre posible suministraci\u00f3n de unos componentes de sar\u00edn de Turqu\u00eda. \u00a0 En declaraciones a la agencia RIA Novosti, el director del Departamento para no Proliferaci\u00f3n y Control de &hellip;<\/p>\n","protected":false},"author":1,"featured_media":36071,"comment_status":"closed","ping_status":"closed","sticky":false,"template":"","format":"standard","meta":{"footnotes":""},"categories":[456,457,576,7541],"tags":[7725],"class_list":["post-36070","post","type-post","status-publish","format-standard","has-post-thumbnail","","category-arabe-internacional-politica","category-noticias-arabe-internacional-politica","category-noticias-politicas","category-ultimas-noticias","tag-moscu-insta-a-investigar-el-empleo-de-la-arma-quimica-en-siria-por-parte-del-ei"],"_links":{"self":[{"href":"https:\/\/archive.sana.sy\/es\/index.php?rest_route=\/wp\/v2\/posts\/36070"}],"collection":[{"href":"https:\/\/archive.sana.sy\/es\/index.php?rest_route=\/wp\/v2\/posts"}],"about":[{"href":"https:\/\/archive.sana.sy\/es\/index.php?rest_route=\/wp\/v2\/types\/post"}],"author":[{"embeddable":true,"href":"https:\/\/archive.sana.sy\/es\/index.php?rest_route=\/wp\/v2\/users\/1"}],"replies":[{"embeddable":true,"href":"https:\/\/archive.sana.sy\/es\/index.php?rest_route=%2Fwp%2Fv2%2Fcomments&post=36070"}],"version-history":[{"count":0,"href":"https:\/\/archive.sana.sy\/es\/index.php?rest_route=\/wp\/v2\/posts\/36070\/revisions"}],"wp:featuredmedia":[{"embeddable":true,"href":"https:\/\/archive.sana.sy\/es\/index.php?rest_route=\/wp\/v2\/media\/36071"}],"wp:attachment":[{"href":"https:\/\/archive.sana.sy\/es\/index.php?rest_route=%2Fwp%2Fv2%2Fmedia&parent=36070"}],"wp:term":[{"taxonomy":"category","embeddable":true,"href":"https:\/\/archive.sana.sy\/es\/index.php?rest_route=%2Fwp%2Fv2%2Fcategories&post=36070"},{"taxonomy":"post_tag","embeddable":true,"href":"https:\/\/archive.sana.sy\/es\/index.php?rest_route=%2Fwp%2Fv2%2Ftags&post=36070"}],"curies":[{"name":"wp","href":"https:\/\/api.w.org\/{rel}","templated":true}]}}