{"id":36076,"date":"2016-01-06T11:54:43","date_gmt":"2016-01-06T09:54:43","guid":{"rendered":"http:\/\/sana.sy\/es\/?p=36076"},"modified":"2016-01-06T11:54:43","modified_gmt":"2016-01-06T09:54:43","slug":"de-mistura-regimen-saudi-no-obstaculizara-las-conversaciones-sobre-siria-en-ginebra","status":"publish","type":"post","link":"https:\/\/archive.sana.sy\/es\/?p=36076","title":{"rendered":"De Mistura: r\u00e9gimen saud\u00ed no obstaculizar\u00e1 las conversaciones sobre Siria en Ginebra"},"content":{"rendered":"<div><span lang=\"ES-TRAD\">Ginebra, SANA<\/span><\/div>\n<div><span lang=\"ES-TRAD\">\u00a0<\/span><\/div>\n<div><span lang=\"ES-TRAD\">El Enviado Especial del Secretario General de las Naciones Unidas, Staffan de Mistura, anunci\u00f3 que el r\u00e9gimen de Al Saud le asegur\u00f3 que la ruptura de las relaciones diplom\u00e1ticas con Ir\u00e1n no va a obstaculizar el proceso pol\u00edtico sobre Siria y las conversaciones previstas este mes en Ginebra.<\/span><\/div>\n<div><span lang=\"ES-TRAD\">\u00a0<\/span><\/div>\n<div><span lang=\"ES-TRAD\">Las declaraciones de De Mistura se produjeron tras reunirse en Riad con el ministro de Exteriores saudita, Saud al-Adel Al-Jubeir, y con figuras de la oposici\u00f3n siria que particip\u00f3 en la Conferencia de Riad.<\/span><\/div>\n<div><span lang=\"ES-TRAD\">\u00a0<\/span><\/div>\n<div><span lang=\"ES-TRAD\">El enviado de la ONU indic\u00f3 que &#8220;hay una determinaci\u00f3n clara por la parte saud\u00ed de evitar que las actuales tensiones regionales tengan un impacto negativo sobre la fuerza motriz al proceso de Ginebra.<\/span><\/div>\n<div><\/div>\n<div>Fady M., Hala B.<\/div>\n","protected":false},"excerpt":{"rendered":"<p>Ginebra, SANA \u00a0 El Enviado Especial del Secretario General de las Naciones Unidas, Staffan de Mistura, anunci\u00f3 que el r\u00e9gimen de Al Saud le asegur\u00f3 que la ruptura de las relaciones diplom\u00e1ticas con Ir\u00e1n no va a obstaculizar el proceso pol\u00edtico sobre Siria y las conversaciones previstas este mes en Ginebra. \u00a0 Las declaraciones de &hellip;<\/p>\n","protected":false},"author":1,"featured_media":36077,"comment_status":"closed","ping_status":"closed","sticky":false,"template":"","format":"standard","meta":{"footnotes":""},"categories":[597,456,457,576],"tags":[7727],"class_list":["post-36076","post","type-post","status-publish","format-standard","has-post-thumbnail","","category-cinta-de-noticias","category-arabe-internacional-politica","category-noticias-arabe-internacional-politica","category-noticias-politicas","tag-de-mistura-regimen-saudi-no-obstaculizara-las-conversaciones-sobre-siria-en-ginebra"],"_links":{"self":[{"href":"https:\/\/archive.sana.sy\/es\/index.php?rest_route=\/wp\/v2\/posts\/36076"}],"collection":[{"href":"https:\/\/archive.sana.sy\/es\/index.php?rest_route=\/wp\/v2\/posts"}],"about":[{"href":"https:\/\/archive.sana.sy\/es\/index.php?rest_route=\/wp\/v2\/types\/post"}],"author":[{"embeddable":true,"href":"https:\/\/archive.sana.sy\/es\/index.php?rest_route=\/wp\/v2\/users\/1"}],"replies":[{"embeddable":true,"href":"https:\/\/archive.sana.sy\/es\/index.php?rest_route=%2Fwp%2Fv2%2Fcomments&post=36076"}],"version-history":[{"count":0,"href":"https:\/\/archive.sana.sy\/es\/index.php?rest_route=\/wp\/v2\/posts\/36076\/revisions"}],"wp:featuredmedia":[{"embeddable":true,"href":"https:\/\/archive.sana.sy\/es\/index.php?rest_route=\/wp\/v2\/media\/36077"}],"wp:attachment":[{"href":"https:\/\/archive.sana.sy\/es\/index.php?rest_route=%2Fwp%2Fv2%2Fmedia&parent=36076"}],"wp:term":[{"taxonomy":"category","embeddable":true,"href":"https:\/\/archive.sana.sy\/es\/index.php?rest_route=%2Fwp%2Fv2%2Fcategories&post=36076"},{"taxonomy":"post_tag","embeddable":true,"href":"https:\/\/archive.sana.sy\/es\/index.php?rest_route=%2Fwp%2Fv2%2Ftags&post=36076"}],"curies":[{"name":"wp","href":"https:\/\/api.w.org\/{rel}","templated":true}]}}