{"id":36083,"date":"2016-01-06T12:51:08","date_gmt":"2016-01-06T10:51:08","guid":{"rendered":"http:\/\/sana.sy\/es\/?p=36083"},"modified":"2016-01-06T13:04:08","modified_gmt":"2016-01-06T11:04:08","slug":"primer-ministro-2016-sera-el-ano-de-la-restauracion-de-los-indices-economico-social-y-de-servicio","status":"publish","type":"post","link":"https:\/\/archive.sana.sy\/es\/?p=36083","title":{"rendered":"Primer Ministro: 2016 ser\u00e1 el a\u00f1o de la restauraci\u00f3n de los \u00edndices econ\u00f3mico, social y de servicio"},"content":{"rendered":"<div><span lang=\"ES-TRAD\" style=\"color: #800000\">Damasco, SANA<\/span><\/div>\n<div><span lang=\"ES-TRAD\">\u00a0<\/span><\/div>\n<div><span lang=\"ES-TRAD\">El Consejo de Ministros debati\u00f3 en su sesi\u00f3n semanal varios expedientes econ\u00f3micos y de servicios, incluida la preparaci\u00f3n de los diferentes ministerios e instituciones para la implementaci\u00f3n de los programas de fomento y servicio durante el a\u00f1o 2016, adem\u00e1s de la preparaci\u00f3n del sector de servicios para enfrentar cualquier emergencia a consecuencia de la guerra que vive Siria contra el terrorismo.<\/span><\/div>\n<div><span lang=\"ES-TRAD\">\u00a0<\/span><\/div>\n<div><span lang=\"ES-TRAD\">El Primer Ministro, Wael Al Halaqui, dijo que el 2016 ser\u00e1 el a\u00f1o de la restauraci\u00f3n de los \u00edndices econ\u00f3mico, social y de servicio que han disminuido a consecuencia de la guerra, se\u00f1alando que eso se lograr\u00e1 mediante la adopci\u00f3n y utilizaci\u00f3n de herramientas reales de desarrollo que eviten un d\u00e9ficit en el presupuesto general.<\/span><\/div>\n<div><span lang=\"ES-TRAD\">\u00a0<\/span><\/div>\n<div><span lang=\"ES-TRAD\">El presidente del Ejecutivo sirio explic\u00f3 que durante este a\u00f1o se lograr\u00e1 un verdadero desarrollo centrando el inter\u00e9s gubernamental en las peque\u00f1as y medianas empresas, que ser\u00e1n distribuidos horizontalmente en los pueblos y ciudades a fin de proporcionar verdaderas oportunidades de empleo y que contribuyan tratar el desempleo y la pobreza.<\/span><\/div>\n<div><span lang=\"ES-TRAD\">\u00a0<\/span><\/div>\n<div><span lang=\"ES-TRAD\">Por otro lado, el presidente del Gobierno reiter\u00f3 la determinaci\u00f3n del Gobierno para consolidar las relaciones con pa\u00edses amigos con el fin de mitigar los efectos del injusto bloqueo y la guerra econ\u00f3mica.<\/span><\/div>\n<div><span lang=\"ES-TRAD\">\u00a0<\/span><\/div>\n<div><span lang=\"ES-TRAD\">Al Halaqui describi\u00f3 el 2015 como el a\u00f1o del gran cambio en el curso de la crisis que vive Siria especialmente en el \u00faltimo tercio del mismo que presenci\u00f3 un cambio estrat\u00e9gico en el transcurso de la guerra despu\u00e9s de victorias logradas por el Ej\u00e9rcito y las Fuerzas Armadas contra los grupos terroristas.<\/span><\/div>\n<div><\/div>\n<div>Fady M., Hala B.<\/div>\n","protected":false},"excerpt":{"rendered":"<p>Damasco, SANA \u00a0 El Consejo de Ministros debati\u00f3 en su sesi\u00f3n semanal varios expedientes econ\u00f3micos y de servicios, incluida la preparaci\u00f3n de los diferentes ministerios e instituciones para la implementaci\u00f3n de los programas de fomento y servicio durante el a\u00f1o 2016, adem\u00e1s de la preparaci\u00f3n del sector de servicios para enfrentar cualquier emergencia a consecuencia &hellip;<\/p>\n","protected":false},"author":1,"featured_media":36084,"comment_status":"closed","ping_status":"closed","sticky":false,"template":"","format":"standard","meta":{"footnotes":""},"categories":[477,597,476,576,583],"tags":[7729,7730],"class_list":["post-36083","post","type-post","status-publish","format-standard","has-post-thumbnail","","category-noticias-edulcorantes","category-cinta-de-noticias","category-locales","category-noticias-politicas","category-slide","tag-primer-ministro-2016-sera-el-ano-de-la-restauracion-de-los-indices-economico","tag-social-y-de-servicio"],"_links":{"self":[{"href":"https:\/\/archive.sana.sy\/es\/index.php?rest_route=\/wp\/v2\/posts\/36083"}],"collection":[{"href":"https:\/\/archive.sana.sy\/es\/index.php?rest_route=\/wp\/v2\/posts"}],"about":[{"href":"https:\/\/archive.sana.sy\/es\/index.php?rest_route=\/wp\/v2\/types\/post"}],"author":[{"embeddable":true,"href":"https:\/\/archive.sana.sy\/es\/index.php?rest_route=\/wp\/v2\/users\/1"}],"replies":[{"embeddable":true,"href":"https:\/\/archive.sana.sy\/es\/index.php?rest_route=%2Fwp%2Fv2%2Fcomments&post=36083"}],"version-history":[{"count":0,"href":"https:\/\/archive.sana.sy\/es\/index.php?rest_route=\/wp\/v2\/posts\/36083\/revisions"}],"wp:featuredmedia":[{"embeddable":true,"href":"https:\/\/archive.sana.sy\/es\/index.php?rest_route=\/wp\/v2\/media\/36084"}],"wp:attachment":[{"href":"https:\/\/archive.sana.sy\/es\/index.php?rest_route=%2Fwp%2Fv2%2Fmedia&parent=36083"}],"wp:term":[{"taxonomy":"category","embeddable":true,"href":"https:\/\/archive.sana.sy\/es\/index.php?rest_route=%2Fwp%2Fv2%2Fcategories&post=36083"},{"taxonomy":"post_tag","embeddable":true,"href":"https:\/\/archive.sana.sy\/es\/index.php?rest_route=%2Fwp%2Fv2%2Ftags&post=36083"}],"curies":[{"name":"wp","href":"https:\/\/api.w.org\/{rel}","templated":true}]}}