{"id":36086,"date":"2016-01-06T12:54:43","date_gmt":"2016-01-06T10:54:43","guid":{"rendered":"http:\/\/sana.sy\/es\/?p=36086"},"modified":"2016-01-06T12:54:43","modified_gmt":"2016-01-06T10:54:43","slug":"zarif-arabia-saudita-no-ha-respondido-a-nuestras-llamadas-para-enfrentar-el-terrorismo","status":"publish","type":"post","link":"https:\/\/archive.sana.sy\/es\/?p=36086","title":{"rendered":"Zarif: Arabia Saudita no ha respondido a nuestras llamadas para enfrentar el terrorismo"},"content":{"rendered":"<div><span lang=\"ES-TRAD\" style=\"color: #800000\">Teher\u00e1n, SANA<\/span><\/div>\n<div><span lang=\"ES-TRAD\">\u00a0<\/span><\/div>\n<div><span lang=\"ES-TRAD\">El ministro de Exteriores iran\u00ed, Mohammad Javad Zarif, dijo que algunos pa\u00edses en la regi\u00f3n alimentan el terrorismo y el extremismo.<\/span><\/div>\n<div><span lang=\"ES-TRAD\">\u00a0<\/span><\/div>\n<div><span lang=\"ES-TRAD\">En una conferencia de prensa con su hom\u00f3logo iraqu\u00ed, Ibrahim al-Jaafari en la capital iran\u00ed, Teher\u00e1n, el canciller iran\u00ed aseguro que Arabia Saudita no ha respondido a las llamadas de Ir\u00e1n para hacer frente al terrorismo.<\/span><\/div>\n<div><span lang=\"ES-TRAD\">\u00a0<\/span><\/div>\n<div><span lang=\"ES-TRAD\">El jefe de la diplomacia iran\u00ed lament\u00f3 que Riad no se manifestara con coherencia a pesar de que Ir\u00e1n ha tratado durante los \u00faltimos a\u00f1os de establecer buenos nexos.<\/span><\/div>\n<div><span lang=\"ES-TRAD\">\u00a0<\/span><\/div>\n<div><span lang=\"ES-TRAD\">Asimismo, denunci\u00f3 que el r\u00e9gimen saud\u00ed, a lo largo de los \u00faltimos dos a\u00f1os y medio, se ha manejado en contra de las medidas tomadas por la Rep\u00fablica Isl\u00e1mica de Ir\u00e1n para contribuir a la restauraci\u00f3n de la paz y la unidad en la regi\u00f3n.<\/span><\/div>\n<div><span lang=\"ES-TRAD\">\u00a0<\/span><\/div>\n<div><span lang=\"ES-TRAD\">El canciller iran\u00ed reafirm\u00f3 que las acciones del r\u00e9gimen de Riad exacerban las tensiones en la regi\u00f3n, y advirti\u00f3 que cualquier medida que conlleve a una escalada de las tensiones no beneficiar\u00e1 a su autor.<\/span><\/div>\n","protected":false},"excerpt":{"rendered":"<p>Teher\u00e1n, SANA \u00a0 El ministro de Exteriores iran\u00ed, Mohammad Javad Zarif, dijo que algunos pa\u00edses en la regi\u00f3n alimentan el terrorismo y el extremismo. \u00a0 En una conferencia de prensa con su hom\u00f3logo iraqu\u00ed, Ibrahim al-Jaafari en la capital iran\u00ed, Teher\u00e1n, el canciller iran\u00ed aseguro que Arabia Saudita no ha respondido a las llamadas de &hellip;<\/p>\n","protected":false},"author":1,"featured_media":36087,"comment_status":"closed","ping_status":"closed","sticky":false,"template":"","format":"standard","meta":{"footnotes":""},"categories":[597,457,576,7541],"tags":[7731],"class_list":["post-36086","post","type-post","status-publish","format-standard","has-post-thumbnail","","category-cinta-de-noticias","category-noticias-arabe-internacional-politica","category-noticias-politicas","category-ultimas-noticias","tag-zarif-arabia-saudita-no-ha-respondido-a-nuestras-llamadas-para-enfrentar-el-terrorismo"],"_links":{"self":[{"href":"https:\/\/archive.sana.sy\/es\/index.php?rest_route=\/wp\/v2\/posts\/36086"}],"collection":[{"href":"https:\/\/archive.sana.sy\/es\/index.php?rest_route=\/wp\/v2\/posts"}],"about":[{"href":"https:\/\/archive.sana.sy\/es\/index.php?rest_route=\/wp\/v2\/types\/post"}],"author":[{"embeddable":true,"href":"https:\/\/archive.sana.sy\/es\/index.php?rest_route=\/wp\/v2\/users\/1"}],"replies":[{"embeddable":true,"href":"https:\/\/archive.sana.sy\/es\/index.php?rest_route=%2Fwp%2Fv2%2Fcomments&post=36086"}],"version-history":[{"count":0,"href":"https:\/\/archive.sana.sy\/es\/index.php?rest_route=\/wp\/v2\/posts\/36086\/revisions"}],"wp:featuredmedia":[{"embeddable":true,"href":"https:\/\/archive.sana.sy\/es\/index.php?rest_route=\/wp\/v2\/media\/36087"}],"wp:attachment":[{"href":"https:\/\/archive.sana.sy\/es\/index.php?rest_route=%2Fwp%2Fv2%2Fmedia&parent=36086"}],"wp:term":[{"taxonomy":"category","embeddable":true,"href":"https:\/\/archive.sana.sy\/es\/index.php?rest_route=%2Fwp%2Fv2%2Fcategories&post=36086"},{"taxonomy":"post_tag","embeddable":true,"href":"https:\/\/archive.sana.sy\/es\/index.php?rest_route=%2Fwp%2Fv2%2Ftags&post=36086"}],"curies":[{"name":"wp","href":"https:\/\/api.w.org\/{rel}","templated":true}]}}