{"id":36092,"date":"2016-01-06T18:46:59","date_gmt":"2016-01-06T16:46:59","guid":{"rendered":"http:\/\/sana.sy\/es\/?p=36092"},"modified":"2016-01-06T18:47:33","modified_gmt":"2016-01-06T16:47:33","slug":"varios-civiles-resultan-heridos-en-obuses-de-mortero-lanzados-por-los-terroristas-contra-damasco","status":"publish","type":"post","link":"https:\/\/archive.sana.sy\/es\/?p=36092","title":{"rendered":"Nueve muertos y decenas de heridos tras ataques terroristas contra Damasco y Alepo"},"content":{"rendered":"<div><span lang=\"ES-TRAD\" style=\"color: #800000\">Damasco-Alepo, SANA<\/span><\/div>\n<div>\n<div>\n<div><span lang=\"ES-TRAD\">\u00a0<\/span><\/div>\n<div><span lang=\"ES-TRAD\">Las bandas de terroristas del denominado &#8220;Ej\u00e9rcito del Islam&#8221; han vuelto a bombardear con cohetes y morteros a los barrios residenciales de la capital Damasco.<\/span><\/div>\n<div><span lang=\"ES-TRAD\">\u00a0<\/span><\/div>\n<div><span lang=\"ES-TRAD\">Una fuente en el Ministerio del Interior\u00a0inform\u00f3 que nueve\u00a0personas perdieron la vida y otras 36\u00a0resultaron heridas en\u00a0estos ataques terroristas.<\/span><\/div>\n<\/div>\n<\/div>\n<div><\/div>\n<div>Los atentados causaron tambi\u00e9n da\u00f1os materiales en las propiedades tanto p\u00fablicas como privadas, a\u00f1adi\u00f3.<\/div>\n<div><\/div>\n<div>En Damasco-campo, cuatro personas resultaron heridas en ataques semejantes lanzadas por los terroristas que se despliegan en Dareya contra el barrio norte\u00f1o de la localidad de al-Moadamiya, seg\u00fan inform\u00f3 la misma fuente.<\/div>\n<div>\n<div><\/div>\n<div dir=\"ltr\"><span style=\"color: #0000ff\">Cuatro heridos en Alepo tras ataques terroristas con misiles\u00a0<\/span><\/div>\n<div dir=\"ltr\"><\/div>\n<div>\n<div>\n<div dir=\"ltr\">\n<p>Asimismo, cuatro personas resultaron heridas este mi\u00e9rcoles en ataques terroristas con misiles contra la ciudad septentrional de Alepo.<\/p>\n<p>Una fuente policial detall\u00f3 que terroristas atrincherados en el barrio de Bani Zaid dispararon misiles contra el barrio de Share al-Nil en la ciudad norte\u00f1a, lo que ocasion\u00f3 cuatro heridos, adem\u00e1s de da\u00f1os materiales.<\/p>\n<p>Cabe recordar que cuatro personas hab\u00edan sufrido lesiones anteayer tras ataques similares contra el barrio de al-Siryan al-Yadid en Alepo.<\/p>\n<\/div>\n<\/div>\n<\/div>\n<div class=\"ajR\"><\/div>\n<div class=\"yj6qo ajU\">\n<div id=\":1cy\" class=\"ajR\"><img decoding=\"async\" class=\"ajT\" src=\"https:\/\/ssl.gstatic.com\/ui\/v1\/icons\/mail\/images\/cleardot.gif\" alt=\"\" \/><\/div>\n<\/div>\n<\/div>\n<div><span style=\"color: #0000ff\">Fady M., Hala B., Lynn A.<\/span><\/div>\n<div class=\"yj6qo ajU\">\n<div id=\":z6\" class=\"ajR\"><img decoding=\"async\" class=\"ajT\" src=\"https:\/\/ssl.gstatic.com\/ui\/v1\/icons\/mail\/images\/cleardot.gif\" alt=\"\" \/><\/div>\n<\/div>\n","protected":false},"excerpt":{"rendered":"<p>Damasco-Alepo, SANA \u00a0 Las bandas de terroristas del denominado &#8220;Ej\u00e9rcito del Islam&#8221; han vuelto a bombardear con cohetes y morteros a los barrios residenciales de la capital Damasco. \u00a0 Una fuente en el Ministerio del Interior\u00a0inform\u00f3 que nueve\u00a0personas perdieron la vida y otras 36\u00a0resultaron heridas en\u00a0estos ataques terroristas. Los atentados causaron tambi\u00e9n da\u00f1os materiales en &hellip;<\/p>\n","protected":false},"author":1,"featured_media":29094,"comment_status":"closed","ping_status":"closed","sticky":false,"template":"","format":"standard","meta":{"footnotes":""},"categories":[573,476,583,7541],"tags":[7733],"class_list":["post-36092","post","type-post","status-publish","format-standard","has-post-thumbnail","","category-la-realidad-de-los-acontecimientos-en-siria","category-locales","category-slide","category-ultimas-noticias","tag-varios-civiles-resultan-heridos-en-obuses-de-mortero-lanzados-por-los-terroristas-contra-damasco"],"_links":{"self":[{"href":"https:\/\/archive.sana.sy\/es\/index.php?rest_route=\/wp\/v2\/posts\/36092"}],"collection":[{"href":"https:\/\/archive.sana.sy\/es\/index.php?rest_route=\/wp\/v2\/posts"}],"about":[{"href":"https:\/\/archive.sana.sy\/es\/index.php?rest_route=\/wp\/v2\/types\/post"}],"author":[{"embeddable":true,"href":"https:\/\/archive.sana.sy\/es\/index.php?rest_route=\/wp\/v2\/users\/1"}],"replies":[{"embeddable":true,"href":"https:\/\/archive.sana.sy\/es\/index.php?rest_route=%2Fwp%2Fv2%2Fcomments&post=36092"}],"version-history":[{"count":0,"href":"https:\/\/archive.sana.sy\/es\/index.php?rest_route=\/wp\/v2\/posts\/36092\/revisions"}],"wp:featuredmedia":[{"embeddable":true,"href":"https:\/\/archive.sana.sy\/es\/index.php?rest_route=\/wp\/v2\/media\/29094"}],"wp:attachment":[{"href":"https:\/\/archive.sana.sy\/es\/index.php?rest_route=%2Fwp%2Fv2%2Fmedia&parent=36092"}],"wp:term":[{"taxonomy":"category","embeddable":true,"href":"https:\/\/archive.sana.sy\/es\/index.php?rest_route=%2Fwp%2Fv2%2Fcategories&post=36092"},{"taxonomy":"post_tag","embeddable":true,"href":"https:\/\/archive.sana.sy\/es\/index.php?rest_route=%2Fwp%2Fv2%2Ftags&post=36092"}],"curies":[{"name":"wp","href":"https:\/\/api.w.org\/{rel}","templated":true}]}}