{"id":36095,"date":"2016-01-06T13:02:57","date_gmt":"2016-01-06T11:02:57","guid":{"rendered":"http:\/\/sana.sy\/es\/?p=36095"},"modified":"2016-01-06T13:02:57","modified_gmt":"2016-01-06T11:02:57","slug":"asesinado-el-emir-del-grupo-terrorista-ahrar-al-sham-en-homs","status":"publish","type":"post","link":"https:\/\/archive.sana.sy\/es\/?p=36095","title":{"rendered":"Asesinado el Emir del grupo terrorista &#8220;Ahrar al Sham&#8221; en Homs"},"content":{"rendered":"<div><\/div>\n<div><span lang=\"ES-TRAD\">Homs, SANA<\/span><\/div>\n<div><\/div>\n<div><span lang=\"ES-TRAD\">Las organizaciones terroristas reconocieron el asesinato del terrorista Abu Rateb al-Homsi, Emir del &#8220;Movimiento Isl\u00e1mico de Libres del Levante&#8221; \u00a0(Ahrar al Sham), en Homs.<\/span><\/div>\n<div><span lang=\"ES-TRAD\">\u00a0<\/span><\/div>\n<div><span lang=\"ES-TRAD\">En sus p\u00e1ginas en los sitios de las redes sociales, los grupos terroristas informaron que unos desconocidos abrieron fuego el pasado domingo contra el emir del Movimiento Isl\u00e1mico de Ahrar al-Sham en Homs, en el poblado de Al Farhanyah en la periferia del municipio de Talbiseh, a unos 13 km al norte de la ciudad de Homs.<\/span><\/div>\n<div><span lang=\"ES-TRAD\">\u00a0<\/span><\/div>\n<div><span lang=\"ES-TRAD\">El Movimiento Isl\u00e1mico de Ahrar al-Sham es uno de los grupos terroristas vinculados al r\u00e9gimen de Al Saud, y ha perpetrado muchas masacres y cr\u00edmenes contra los sirios en muchas zonas de Siria.<\/span><\/div>\n<div><\/div>\n<div>Fady M., Hala B.<\/div>\n","protected":false},"excerpt":{"rendered":"<p>Homs, SANA Las organizaciones terroristas reconocieron el asesinato del terrorista Abu Rateb al-Homsi, Emir del &#8220;Movimiento Isl\u00e1mico de Libres del Levante&#8221; \u00a0(Ahrar al Sham), en Homs. \u00a0 En sus p\u00e1ginas en los sitios de las redes sociales, los grupos terroristas informaron que unos desconocidos abrieron fuego el pasado domingo contra el emir del Movimiento Isl\u00e1mico &hellip;<\/p>\n","protected":false},"author":1,"featured_media":36096,"comment_status":"closed","ping_status":"closed","sticky":false,"template":"","format":"standard","meta":{"footnotes":""},"categories":[477,573,476,7541],"tags":[7734],"class_list":["post-36095","post","type-post","status-publish","format-standard","has-post-thumbnail","","category-noticias-edulcorantes","category-la-realidad-de-los-acontecimientos-en-siria","category-locales","category-ultimas-noticias","tag-asesinado-el-emir-del-grupo-terrorista-ahrar-al-sham-en-homs"],"_links":{"self":[{"href":"https:\/\/archive.sana.sy\/es\/index.php?rest_route=\/wp\/v2\/posts\/36095"}],"collection":[{"href":"https:\/\/archive.sana.sy\/es\/index.php?rest_route=\/wp\/v2\/posts"}],"about":[{"href":"https:\/\/archive.sana.sy\/es\/index.php?rest_route=\/wp\/v2\/types\/post"}],"author":[{"embeddable":true,"href":"https:\/\/archive.sana.sy\/es\/index.php?rest_route=\/wp\/v2\/users\/1"}],"replies":[{"embeddable":true,"href":"https:\/\/archive.sana.sy\/es\/index.php?rest_route=%2Fwp%2Fv2%2Fcomments&post=36095"}],"version-history":[{"count":0,"href":"https:\/\/archive.sana.sy\/es\/index.php?rest_route=\/wp\/v2\/posts\/36095\/revisions"}],"wp:featuredmedia":[{"embeddable":true,"href":"https:\/\/archive.sana.sy\/es\/index.php?rest_route=\/wp\/v2\/media\/36096"}],"wp:attachment":[{"href":"https:\/\/archive.sana.sy\/es\/index.php?rest_route=%2Fwp%2Fv2%2Fmedia&parent=36095"}],"wp:term":[{"taxonomy":"category","embeddable":true,"href":"https:\/\/archive.sana.sy\/es\/index.php?rest_route=%2Fwp%2Fv2%2Fcategories&post=36095"},{"taxonomy":"post_tag","embeddable":true,"href":"https:\/\/archive.sana.sy\/es\/index.php?rest_route=%2Fwp%2Fv2%2Ftags&post=36095"}],"curies":[{"name":"wp","href":"https:\/\/api.w.org\/{rel}","templated":true}]}}