{"id":36099,"date":"2016-01-06T12:30:18","date_gmt":"2016-01-06T10:30:18","guid":{"rendered":"http:\/\/sana.sy\/es\/?p=36099"},"modified":"2016-01-06T13:07:48","modified_gmt":"2016-01-06T11:07:48","slug":"cristianos-de-siria-celebran-la-navidad-segun-el-calendario-oriental","status":"publish","type":"post","link":"https:\/\/archive.sana.sy\/es\/?p=36099","title":{"rendered":"Cristianos de Siria celebran la Navidad seg\u00fan el calendario oriental"},"content":{"rendered":"<div><span lang=\"ES-TRAD\">Damasco, SANA<\/span><\/div>\n<div><span lang=\"ES-TRAD\">\u00a0<\/span><\/div>\n<div><span lang=\"ES-TRAD\">Armash Nalbandian, el obispo armenio-ortodoxo de la Di\u00f3cesis de Damasco, dijo que &#8220;Siria siempre ha sido y seguir\u00e1 siendo un faro para las Naciones en la promoci\u00f3n del esp\u00edritu de amor y hermandad&#8221;.<\/span><\/div>\n<div><span lang=\"ES-TRAD\">\u00a0<\/span><\/div>\n<div><span lang=\"ES-TRAD\">La afirmaci\u00f3n del obispo armenio tuvo lugar en su homil\u00eda pronunciada con motivo de la Navidad que celebran hoy mi\u00e9rcoles algunos comunidades cristianas que se gu\u00edan por el calendario oriental.<\/span><\/div>\n<div><span lang=\"ES-TRAD\">\u00a0<\/span><\/div>\n<div><span lang=\"ES-TRAD\">El serm\u00f3n por la Navidad fue celebrado en la Iglesia de Armenios Ortodoxos en Damasco.<\/span><\/div>\n<div><span lang=\"ES-TRAD\">\u00a0<\/span><\/div>\n<div><span lang=\"ES-TRAD\">El obispo Nalbandian dijo que &#8220;al alto nivel de conciencia de los sirios es el mayor garante de la salida victoriosa de Siria en su enfrentamiento a las sediciones y los complots&#8221;.<\/span><\/div>\n<div><span lang=\"ES-TRAD\">\u00a0<\/span><\/div>\n<div><span lang=\"ES-TRAD\">Asimismo, or\u00f3 para que la paz vuelva a Siria y que sus m\u00e1rtires descansen en paz.<\/span><\/div>\n<div><span lang=\"ES-TRAD\">\u00a0<\/span><\/div>\n<div><span lang=\"ES-TRAD\">El obispo armenio felicit\u00f3 al pueblo sirio y al presidente Bashar al Assad que describi\u00f3 como &#8220;patr\u00f3n de la paz&#8221;. Tambi\u00e9n salud\u00f3 al ej\u00e9rcito sirio que seg\u00fan afirm\u00f3 el obispo, es garante de una Siria estable y unida.<\/span><\/div>\n<div><\/div>\n<div>Fady M. Hala B.<\/div>\n","protected":false},"excerpt":{"rendered":"<p>Damasco, SANA \u00a0 Armash Nalbandian, el obispo armenio-ortodoxo de la Di\u00f3cesis de Damasco, dijo que &#8220;Siria siempre ha sido y seguir\u00e1 siendo un faro para las Naciones en la promoci\u00f3n del esp\u00edritu de amor y hermandad&#8221;. \u00a0 La afirmaci\u00f3n del obispo armenio tuvo lugar en su homil\u00eda pronunciada con motivo de la Navidad que celebran &hellip;<\/p>\n","protected":false},"author":1,"featured_media":36100,"comment_status":"closed","ping_status":"closed","sticky":false,"template":"","format":"standard","meta":{"footnotes":""},"categories":[477,476,583],"tags":[7735],"class_list":["post-36099","post","type-post","status-publish","format-standard","has-post-thumbnail","","category-noticias-edulcorantes","category-locales","category-slide","tag-cristianos-de-siria-celebran-la-navidad-segun-el-calendario-oriental"],"_links":{"self":[{"href":"https:\/\/archive.sana.sy\/es\/index.php?rest_route=\/wp\/v2\/posts\/36099"}],"collection":[{"href":"https:\/\/archive.sana.sy\/es\/index.php?rest_route=\/wp\/v2\/posts"}],"about":[{"href":"https:\/\/archive.sana.sy\/es\/index.php?rest_route=\/wp\/v2\/types\/post"}],"author":[{"embeddable":true,"href":"https:\/\/archive.sana.sy\/es\/index.php?rest_route=\/wp\/v2\/users\/1"}],"replies":[{"embeddable":true,"href":"https:\/\/archive.sana.sy\/es\/index.php?rest_route=%2Fwp%2Fv2%2Fcomments&post=36099"}],"version-history":[{"count":0,"href":"https:\/\/archive.sana.sy\/es\/index.php?rest_route=\/wp\/v2\/posts\/36099\/revisions"}],"wp:featuredmedia":[{"embeddable":true,"href":"https:\/\/archive.sana.sy\/es\/index.php?rest_route=\/wp\/v2\/media\/36100"}],"wp:attachment":[{"href":"https:\/\/archive.sana.sy\/es\/index.php?rest_route=%2Fwp%2Fv2%2Fmedia&parent=36099"}],"wp:term":[{"taxonomy":"category","embeddable":true,"href":"https:\/\/archive.sana.sy\/es\/index.php?rest_route=%2Fwp%2Fv2%2Fcategories&post=36099"},{"taxonomy":"post_tag","embeddable":true,"href":"https:\/\/archive.sana.sy\/es\/index.php?rest_route=%2Fwp%2Fv2%2Ftags&post=36099"}],"curies":[{"name":"wp","href":"https:\/\/api.w.org\/{rel}","templated":true}]}}