{"id":36102,"date":"2016-01-06T13:09:07","date_gmt":"2016-01-06T11:09:07","guid":{"rendered":"http:\/\/sana.sy\/es\/?p=36102"},"modified":"2016-01-06T13:09:07","modified_gmt":"2016-01-06T11:09:07","slug":"cuatro-millones-de-alumnos-inician-las-examenes-del-primer-semestre-escolar","status":"publish","type":"post","link":"https:\/\/archive.sana.sy\/es\/?p=36102","title":{"rendered":"Cuatro millones de alumnos inician las ex\u00e1menes del primer semestre escolar"},"content":{"rendered":"<div><span lang=\"ES-TRAD\">Damasco, SANA<\/span><\/div>\n<div><\/div>\n<div><span lang=\"ES-TRAD\">Esta ma\u00f1ana del mi\u00e9rcoles, m\u00e1s de cuatro millones de estudiantes y alumnos han iniciado en todas las provincia del pa\u00eds, los ex\u00e1menes del primer semestre escolar.<\/span><\/div>\n<div><\/div>\n<div><span lang=\"ES-TRAD\">En una declaraci\u00f3n a SANA, el jefe del Departamento de Orientaci\u00f3n en el Ministerio de Educaci\u00f3n, Muthanna Kaddour, dijo que departamento de educaci\u00f3n en las diferentes gobernaciones del pa\u00eds han tomado todas las medidas y todos los preparativos para que los alumnos se presenten a los ex\u00e1menes sin ningunas dificultades.<\/span><\/div>\n<div><span lang=\"ES-TRAD\">\u00a0<\/span><\/div>\n<div><span lang=\"ES-TRAD\">Los primeros ex\u00e1menes semestrales terminan el jueves 14 de enero, mientras comienza la fiesta inter semestral el domingo 17 de enero hasta el jueves 21 del mismo mes.<\/span><\/div>\n<div><span lang=\"ES-TRAD\">Cabe resaltar que Siria cuenta con m\u00e1s de 23 mil escuelas, unas 2500 han sido destruidas o convertidas en sedes y cuarteles de las organizaciones terroristas.<\/span><\/div>\n<div><span lang=\"ES-TRAD\">\u00a0<\/span><\/div>\n<div><span lang=\"ES-TRAD\">M\u00e1s de otras 1300 escuelas han sido convertidas por el gobierno en centro de refugio para acoger a las familias que fueron obligadas a desplazarse en las zonas controladas por los terroristas.<\/span><\/div>\n<div><\/div>\n<div>Fady M. Hala B.<\/div>\n<div class=\"yj6qo ajU\">\n<div id=\":109\" class=\"ajR\"><img decoding=\"async\" class=\"ajT\" src=\"https:\/\/ssl.gstatic.com\/ui\/v1\/icons\/mail\/images\/cleardot.gif\" alt=\"\" \/><\/div>\n<\/div>\n","protected":false},"excerpt":{"rendered":"<p>Damasco, SANA Esta ma\u00f1ana del mi\u00e9rcoles, m\u00e1s de cuatro millones de estudiantes y alumnos han iniciado en todas las provincia del pa\u00eds, los ex\u00e1menes del primer semestre escolar. En una declaraci\u00f3n a SANA, el jefe del Departamento de Orientaci\u00f3n en el Ministerio de Educaci\u00f3n, Muthanna Kaddour, dijo que departamento de educaci\u00f3n en las diferentes gobernaciones &hellip;<\/p>\n","protected":false},"author":1,"featured_media":36103,"comment_status":"closed","ping_status":"closed","sticky":false,"template":"","format":"standard","meta":{"footnotes":""},"categories":[477,597,476],"tags":[7736],"class_list":["post-36102","post","type-post","status-publish","format-standard","has-post-thumbnail","","category-noticias-edulcorantes","category-cinta-de-noticias","category-locales","tag-cuatro-millones-de-alumnos-inician-las-examenes-del-primer-semestre-escolar"],"_links":{"self":[{"href":"https:\/\/archive.sana.sy\/es\/index.php?rest_route=\/wp\/v2\/posts\/36102"}],"collection":[{"href":"https:\/\/archive.sana.sy\/es\/index.php?rest_route=\/wp\/v2\/posts"}],"about":[{"href":"https:\/\/archive.sana.sy\/es\/index.php?rest_route=\/wp\/v2\/types\/post"}],"author":[{"embeddable":true,"href":"https:\/\/archive.sana.sy\/es\/index.php?rest_route=\/wp\/v2\/users\/1"}],"replies":[{"embeddable":true,"href":"https:\/\/archive.sana.sy\/es\/index.php?rest_route=%2Fwp%2Fv2%2Fcomments&post=36102"}],"version-history":[{"count":0,"href":"https:\/\/archive.sana.sy\/es\/index.php?rest_route=\/wp\/v2\/posts\/36102\/revisions"}],"wp:featuredmedia":[{"embeddable":true,"href":"https:\/\/archive.sana.sy\/es\/index.php?rest_route=\/wp\/v2\/media\/36103"}],"wp:attachment":[{"href":"https:\/\/archive.sana.sy\/es\/index.php?rest_route=%2Fwp%2Fv2%2Fmedia&parent=36102"}],"wp:term":[{"taxonomy":"category","embeddable":true,"href":"https:\/\/archive.sana.sy\/es\/index.php?rest_route=%2Fwp%2Fv2%2Fcategories&post=36102"},{"taxonomy":"post_tag","embeddable":true,"href":"https:\/\/archive.sana.sy\/es\/index.php?rest_route=%2Fwp%2Fv2%2Ftags&post=36102"}],"curies":[{"name":"wp","href":"https:\/\/api.w.org\/{rel}","templated":true}]}}