{"id":36106,"date":"2016-01-06T13:11:43","date_gmt":"2016-01-06T11:11:43","guid":{"rendered":"http:\/\/sana.sy\/es\/?p=36106"},"modified":"2016-01-06T13:11:43","modified_gmt":"2016-01-06T11:11:43","slug":"cierran-la-cancilleria-alemana-por-presencia-de-paquetes-sospechosos","status":"publish","type":"post","link":"https:\/\/archive.sana.sy\/es\/?p=36106","title":{"rendered":"Cierran la Canciller\u00eda alemana por presencia de paquetes sospechosos"},"content":{"rendered":"<div><span lang=\"ES-TRAD\" style=\"color: #800000\">Berl\u00edn, SANA<\/span><\/div>\n<div><span lang=\"ES-TRAD\">\u00a0<\/span><\/div>\n<div><span lang=\"ES-TRAD\">La Polic\u00eda alemana cerr\u00f3 este mi\u00e9rcoles la sede de la Canciller\u00eda en Berl\u00edn luego de que se encontraran objetos sospechosos en sus inmediaciones.<\/span><\/div>\n<div><span lang=\"ES-TRAD\">\u00a0<\/span><\/div>\n<div><span lang=\"ES-TRAD\">Portavoces de la Polic\u00eda alemana informaron que &#8220;est\u00e1n investigando un paquete sospechoso&#8221;, mientras otros testigos se\u00f1alaron que hab\u00edan divisado cuatro cajas de color amarillo en la zona acordonada por las fuerzas de seguridad.<\/span><\/div>\n<div><span lang=\"ES-TRAD\">\u00a0<\/span><\/div>\n<div><span lang=\"ES-TRAD\">Seg\u00fan medios locales, los objetos fueron descubiertos cerca de la entrada principal del edificio para el tr\u00e1fico vehicular. Adem\u00e1s, para este mi\u00e9rcoles estaba programada una reuni\u00f3n del gabinete ministerial en la Canciller\u00eda.<\/span><\/div>\n<div><\/div>\n<div>Fady M., Hala B.<\/div>\n<div class=\"yj6qo ajU\">\n<div id=\":10g\" class=\"ajR\"><img decoding=\"async\" class=\"ajT\" src=\"https:\/\/ssl.gstatic.com\/ui\/v1\/icons\/mail\/images\/cleardot.gif\" alt=\"\" \/><\/div>\n<\/div>\n","protected":false},"excerpt":{"rendered":"<p>Berl\u00edn, SANA \u00a0 La Polic\u00eda alemana cerr\u00f3 este mi\u00e9rcoles la sede de la Canciller\u00eda en Berl\u00edn luego de que se encontraran objetos sospechosos en sus inmediaciones. \u00a0 Portavoces de la Polic\u00eda alemana informaron que &#8220;est\u00e1n investigando un paquete sospechoso&#8221;, mientras otros testigos se\u00f1alaron que hab\u00edan divisado cuatro cajas de color amarillo en la zona acordonada &hellip;<\/p>\n","protected":false},"author":1,"featured_media":36107,"comment_status":"closed","ping_status":"closed","sticky":false,"template":"","format":"standard","meta":{"footnotes":""},"categories":[597,456,457,576],"tags":[7737],"class_list":["post-36106","post","type-post","status-publish","format-standard","has-post-thumbnail","","category-cinta-de-noticias","category-arabe-internacional-politica","category-noticias-arabe-internacional-politica","category-noticias-politicas","tag-cierran-la-cancilleria-alemana-por-presencia-de-paquetes-sospechosos"],"_links":{"self":[{"href":"https:\/\/archive.sana.sy\/es\/index.php?rest_route=\/wp\/v2\/posts\/36106"}],"collection":[{"href":"https:\/\/archive.sana.sy\/es\/index.php?rest_route=\/wp\/v2\/posts"}],"about":[{"href":"https:\/\/archive.sana.sy\/es\/index.php?rest_route=\/wp\/v2\/types\/post"}],"author":[{"embeddable":true,"href":"https:\/\/archive.sana.sy\/es\/index.php?rest_route=\/wp\/v2\/users\/1"}],"replies":[{"embeddable":true,"href":"https:\/\/archive.sana.sy\/es\/index.php?rest_route=%2Fwp%2Fv2%2Fcomments&post=36106"}],"version-history":[{"count":0,"href":"https:\/\/archive.sana.sy\/es\/index.php?rest_route=\/wp\/v2\/posts\/36106\/revisions"}],"wp:featuredmedia":[{"embeddable":true,"href":"https:\/\/archive.sana.sy\/es\/index.php?rest_route=\/wp\/v2\/media\/36107"}],"wp:attachment":[{"href":"https:\/\/archive.sana.sy\/es\/index.php?rest_route=%2Fwp%2Fv2%2Fmedia&parent=36106"}],"wp:term":[{"taxonomy":"category","embeddable":true,"href":"https:\/\/archive.sana.sy\/es\/index.php?rest_route=%2Fwp%2Fv2%2Fcategories&post=36106"},{"taxonomy":"post_tag","embeddable":true,"href":"https:\/\/archive.sana.sy\/es\/index.php?rest_route=%2Fwp%2Fv2%2Ftags&post=36106"}],"curies":[{"name":"wp","href":"https:\/\/api.w.org\/{rel}","templated":true}]}}