{"id":36109,"date":"2016-01-06T13:47:24","date_gmt":"2016-01-06T11:47:24","guid":{"rendered":"http:\/\/sana.sy\/es\/?p=36109"},"modified":"2016-01-06T13:47:24","modified_gmt":"2016-01-06T11:47:24","slug":"fuerza-aerea-iraqui-elimina-a-21-terroristas-en-anbar","status":"publish","type":"post","link":"https:\/\/archive.sana.sy\/es\/?p=36109","title":{"rendered":"Fuerza a\u00e9rea iraqu\u00ed elimina a 21 terroristas en Anbar"},"content":{"rendered":"<div><span lang=\"ES-TRAD\">Bagdad, SANA<\/span><\/div>\n<div><span lang=\"ES-TRAD\">\u00a0<\/span><\/div>\n<div><span lang=\"ES-TRAD\">La fuerza a\u00e9rea iraqu\u00ed destruy\u00f3 un convoy de veh\u00edculos de los terroristas del EI en la zona de Thar Thar en la provincia de Anbar.<\/span><\/div>\n<div><span lang=\"ES-TRAD\">\u00a0<\/span><\/div>\n<div><span lang=\"ES-TRAD\">El portavoz del Comando de Operaciones de Bagdad dijo que en el ataque contra el convoy fueron eliminados unos 21 terroristas, adem\u00e1s de la destrucci\u00f3n de siete veh\u00edculos dos de ellos son veh\u00edculos bomba.<\/span><\/div>\n<div><span lang=\"ES-TRAD\">\u00a0<\/span><\/div>\n<div><span lang=\"ES-TRAD\">Por su parte, el Comando de la Polic\u00eda de Diyala anunci\u00f3 que la polic\u00eda irrumpi\u00f3 en un escondite de los terroristas del EI, el cual conten\u00eda gran cantidad de explosivos y bombas, equipos de telecomunicaci\u00f3n y computadoras.<\/span><\/div>\n<div><\/div>\n<div>Fady M., Hala B.<\/div>\n<div class=\"yj6qo ajU\">\n<div id=\":111\" class=\"ajR\"><img decoding=\"async\" class=\"ajT\" src=\"https:\/\/ssl.gstatic.com\/ui\/v1\/icons\/mail\/images\/cleardot.gif\" alt=\"\" \/><\/div>\n<\/div>\n","protected":false},"excerpt":{"rendered":"<p>Bagdad, SANA \u00a0 La fuerza a\u00e9rea iraqu\u00ed destruy\u00f3 un convoy de veh\u00edculos de los terroristas del EI en la zona de Thar Thar en la provincia de Anbar. \u00a0 El portavoz del Comando de Operaciones de Bagdad dijo que en el ataque contra el convoy fueron eliminados unos 21 terroristas, adem\u00e1s de la destrucci\u00f3n de &hellip;<\/p>\n","protected":false},"author":1,"featured_media":36110,"comment_status":"closed","ping_status":"closed","sticky":false,"template":"","format":"standard","meta":{"footnotes":""},"categories":[597,456,457,576],"tags":[7738],"class_list":["post-36109","post","type-post","status-publish","format-standard","has-post-thumbnail","","category-cinta-de-noticias","category-arabe-internacional-politica","category-noticias-arabe-internacional-politica","category-noticias-politicas","tag-fuerza-aerea-iraqui-elimina-a-21-terroristas-en-anbar"],"_links":{"self":[{"href":"https:\/\/archive.sana.sy\/es\/index.php?rest_route=\/wp\/v2\/posts\/36109"}],"collection":[{"href":"https:\/\/archive.sana.sy\/es\/index.php?rest_route=\/wp\/v2\/posts"}],"about":[{"href":"https:\/\/archive.sana.sy\/es\/index.php?rest_route=\/wp\/v2\/types\/post"}],"author":[{"embeddable":true,"href":"https:\/\/archive.sana.sy\/es\/index.php?rest_route=\/wp\/v2\/users\/1"}],"replies":[{"embeddable":true,"href":"https:\/\/archive.sana.sy\/es\/index.php?rest_route=%2Fwp%2Fv2%2Fcomments&post=36109"}],"version-history":[{"count":0,"href":"https:\/\/archive.sana.sy\/es\/index.php?rest_route=\/wp\/v2\/posts\/36109\/revisions"}],"wp:featuredmedia":[{"embeddable":true,"href":"https:\/\/archive.sana.sy\/es\/index.php?rest_route=\/wp\/v2\/media\/36110"}],"wp:attachment":[{"href":"https:\/\/archive.sana.sy\/es\/index.php?rest_route=%2Fwp%2Fv2%2Fmedia&parent=36109"}],"wp:term":[{"taxonomy":"category","embeddable":true,"href":"https:\/\/archive.sana.sy\/es\/index.php?rest_route=%2Fwp%2Fv2%2Fcategories&post=36109"},{"taxonomy":"post_tag","embeddable":true,"href":"https:\/\/archive.sana.sy\/es\/index.php?rest_route=%2Fwp%2Fv2%2Ftags&post=36109"}],"curies":[{"name":"wp","href":"https:\/\/api.w.org\/{rel}","templated":true}]}}