{"id":36112,"date":"2016-01-06T13:50:03","date_gmt":"2016-01-06T11:50:03","guid":{"rendered":"http:\/\/sana.sy\/es\/?p=36112"},"modified":"2016-01-06T13:50:03","modified_gmt":"2016-01-06T11:50:03","slug":"patriarca-libanes-reitera-llamado-a-detener-la-guerra-en-siria-y-la-region","status":"publish","type":"post","link":"https:\/\/archive.sana.sy\/es\/?p=36112","title":{"rendered":"Patriarca liban\u00e9s reitera llamado a detener la guerra en Siria y la regi\u00f3n"},"content":{"rendered":"<div><span lang=\"ES-TRAD\">Beirut, SANA<\/span><\/div>\n<div><\/div>\n<div><span lang=\"ES-TRAD\">El patriarca maronita Bechara Boutros al Rahi, reiter\u00f3 su llamado a detener las guerras en Siria, Palestina, Irak y Yemen, y al regreso de todos los desplazados a sus hogares.<\/span><\/div>\n<div><\/div>\n<div><span lang=\"ES-TRAD\">Al presidir una Misa en la sede del Patriarcado Maronita en el L\u00edbano, el patriarca al Rahi llam\u00f3 tambi\u00e9n a encontrar una soluci\u00f3n pol\u00edtica pac\u00edfica basada en la justicia y la preservaci\u00f3n de los derechos de todos.<\/span><\/div>\n<div><\/div>\n<div><span lang=\"ES-TRAD\">Asimismo, afirm\u00f3 que el mundo entero condena todo ejercicio pol\u00edtico de las superpotencias que manipulan el destino de los pueblos de la tierra y las privan de la estabilidad.<\/span><\/div>\n<div><\/div>\n<div>Fady M., Hala B.<\/div>\n","protected":false},"excerpt":{"rendered":"<p>Beirut, SANA El patriarca maronita Bechara Boutros al Rahi, reiter\u00f3 su llamado a detener las guerras en Siria, Palestina, Irak y Yemen, y al regreso de todos los desplazados a sus hogares. Al presidir una Misa en la sede del Patriarcado Maronita en el L\u00edbano, el patriarca al Rahi llam\u00f3 tambi\u00e9n a encontrar una soluci\u00f3n &hellip;<\/p>\n","protected":false},"author":1,"featured_media":36113,"comment_status":"closed","ping_status":"closed","sticky":false,"template":"","format":"standard","meta":{"footnotes":""},"categories":[456,457],"tags":[7739],"class_list":["post-36112","post","type-post","status-publish","format-standard","has-post-thumbnail","","category-arabe-internacional-politica","category-noticias-arabe-internacional-politica","tag-patriarca-libanes-reitera-llamado-a-detener-la-guerra-en-siria-y-la-region"],"_links":{"self":[{"href":"https:\/\/archive.sana.sy\/es\/index.php?rest_route=\/wp\/v2\/posts\/36112"}],"collection":[{"href":"https:\/\/archive.sana.sy\/es\/index.php?rest_route=\/wp\/v2\/posts"}],"about":[{"href":"https:\/\/archive.sana.sy\/es\/index.php?rest_route=\/wp\/v2\/types\/post"}],"author":[{"embeddable":true,"href":"https:\/\/archive.sana.sy\/es\/index.php?rest_route=\/wp\/v2\/users\/1"}],"replies":[{"embeddable":true,"href":"https:\/\/archive.sana.sy\/es\/index.php?rest_route=%2Fwp%2Fv2%2Fcomments&post=36112"}],"version-history":[{"count":0,"href":"https:\/\/archive.sana.sy\/es\/index.php?rest_route=\/wp\/v2\/posts\/36112\/revisions"}],"wp:featuredmedia":[{"embeddable":true,"href":"https:\/\/archive.sana.sy\/es\/index.php?rest_route=\/wp\/v2\/media\/36113"}],"wp:attachment":[{"href":"https:\/\/archive.sana.sy\/es\/index.php?rest_route=%2Fwp%2Fv2%2Fmedia&parent=36112"}],"wp:term":[{"taxonomy":"category","embeddable":true,"href":"https:\/\/archive.sana.sy\/es\/index.php?rest_route=%2Fwp%2Fv2%2Fcategories&post=36112"},{"taxonomy":"post_tag","embeddable":true,"href":"https:\/\/archive.sana.sy\/es\/index.php?rest_route=%2Fwp%2Fv2%2Ftags&post=36112"}],"curies":[{"name":"wp","href":"https:\/\/api.w.org\/{rel}","templated":true}]}}