{"id":36123,"date":"2016-01-06T18:45:27","date_gmt":"2016-01-06T16:45:27","guid":{"rendered":"http:\/\/sana.sy\/es\/?p=36123"},"modified":"2016-01-06T18:46:33","modified_gmt":"2016-01-06T16:46:33","slug":"iran-siria-e-teheran-debaten-prestacion-de-asistencia-humanitaria-al-pueblo-sirio","status":"publish","type":"post","link":"https:\/\/archive.sana.sy\/es\/?p=36123","title":{"rendered":"Ir\u00e1n, Siria e Teher\u00e1n debaten coordinaci\u00f3n de asistencia humanitaria al pueblo sirio"},"content":{"rendered":"<p><span style=\"color: #800000\">Teher\u00e1n, SANA<\/span><\/p>\n<p>Ir\u00e1n, Siria y Suiza han celebrado este mi\u00e9rcoles una sesi\u00f3n para evaluar la situaci\u00f3n en Siria y debatir la coordinaci\u00f3n de la prestaci\u00f3n de asistencia humanitaria al pueblo sirio.<\/p>\n<p>Seg\u00fan la agencia de noticia iran\u00ed \u201cIrna\u201d, el vicecanciller iran\u00ed, Hossein Amir Abdullahian y el asesor del canciller sirio, Ahmad Arnous y el Jefe de Asuntos Humanitarios de Suiza, Manuel Bessler abordaron tambi\u00e9n el di\u00e1logo intersirio y los \u00faltimos acontecimientos en la regi\u00f3n.<\/p>\n<p>En este contexto, Abdullahian declar\u00f3 que la decisi\u00f3n de Arabia Saudita de cortar las relaciones con Ir\u00e1n afectar\u00e1 las conversaciones entre los bandos sirios.<\/p>\n<p>\u201cSin embargo Teher\u00e1n est\u00e1 aferrada a estas conversaciones y buscar\u00e1 al conversar con las Naciones Unidas y el Gobierno sirio seguir prestando ayudas integrales\u201d, dijo el alto pol\u00edtico iran\u00ed.<\/p>\n<p>El vicecanciller iran\u00ed tild\u00f3 de \u201cno estudiada y err\u00f3nea\u201d la decisi\u00f3n saud\u00ed.<\/p>\n<p>A su vez, Arnous se\u00f1al\u00f3 que los reg\u00edmenes de Arabia Saudita, Qatar y Turqu\u00eda siguen apoyando a las organizaciones terroristas, lo que ayuda a su expansi\u00f3n en Oriente Medio.<\/p>\n<p>A\u00f1adi\u00f3 que Siria siempre ha advertido de que el terrorismo se volver\u00e1 contra sus patrocinadores, enfatizando que la causa principal detr\u00e1s de la crisis humanitaria en Siria es el constante apoyo brindado por algunos pa\u00edses a las organizaciones terroristas y el injusto bloque econ\u00f3mico que sufre el pa\u00eds.<\/p>\n<p>El alto funcionario sirio hizo una panor\u00e1mica sobre la misi\u00f3n del Comit\u00e9 Superior para Asuntos de Socorro creado por el Gobierno sirio en 2012, agregando que se estudia actualmente un mecanismo para la labor de las ONG extranjeros a fin de evitar la duplicaci\u00f3n del trabajo y la corrupci\u00f3n.<\/p>\n<p>Por su parte, Bessler lament\u00f3 el apoyo prestado por el Gobierno turco a las organizaciones terroristas, hecho que condujo al recrudecimiento de la crisis en Siria.<\/p>\n<p>Cabe destacar que una reuni\u00f3n tripartida similar se celebr\u00f3 el pasado mes de septiembre en Teher\u00e1n, la cual cont\u00f3 con la asistencia del vicecanciller sirio, Faisal al-Miqdad.<\/p>\n<p>&nbsp;<\/p>\n<p>Lynn A.<\/p>\n","protected":false},"excerpt":{"rendered":"<p>Teher\u00e1n, SANA Ir\u00e1n, Siria y Suiza han celebrado este mi\u00e9rcoles una sesi\u00f3n para evaluar la situaci\u00f3n en Siria y debatir la coordinaci\u00f3n de la prestaci\u00f3n de asistencia humanitaria al pueblo sirio. Seg\u00fan la agencia de noticia iran\u00ed \u201cIrna\u201d, el vicecanciller iran\u00ed, Hossein Amir Abdullahian y el asesor del canciller sirio, Ahmad Arnous y el Jefe &hellip;<\/p>\n","protected":false},"author":24,"featured_media":12978,"comment_status":"closed","ping_status":"closed","sticky":false,"template":"","format":"standard","meta":{"footnotes":""},"categories":[597,467,7541],"tags":[],"class_list":["post-36123","post","type-post","status-publish","format-standard","has-post-thumbnail","","category-cinta-de-noticias","category-siria-y-el-mundo","category-ultimas-noticias"],"_links":{"self":[{"href":"https:\/\/archive.sana.sy\/es\/index.php?rest_route=\/wp\/v2\/posts\/36123"}],"collection":[{"href":"https:\/\/archive.sana.sy\/es\/index.php?rest_route=\/wp\/v2\/posts"}],"about":[{"href":"https:\/\/archive.sana.sy\/es\/index.php?rest_route=\/wp\/v2\/types\/post"}],"author":[{"embeddable":true,"href":"https:\/\/archive.sana.sy\/es\/index.php?rest_route=\/wp\/v2\/users\/24"}],"replies":[{"embeddable":true,"href":"https:\/\/archive.sana.sy\/es\/index.php?rest_route=%2Fwp%2Fv2%2Fcomments&post=36123"}],"version-history":[{"count":0,"href":"https:\/\/archive.sana.sy\/es\/index.php?rest_route=\/wp\/v2\/posts\/36123\/revisions"}],"wp:featuredmedia":[{"embeddable":true,"href":"https:\/\/archive.sana.sy\/es\/index.php?rest_route=\/wp\/v2\/media\/12978"}],"wp:attachment":[{"href":"https:\/\/archive.sana.sy\/es\/index.php?rest_route=%2Fwp%2Fv2%2Fmedia&parent=36123"}],"wp:term":[{"taxonomy":"category","embeddable":true,"href":"https:\/\/archive.sana.sy\/es\/index.php?rest_route=%2Fwp%2Fv2%2Fcategories&post=36123"},{"taxonomy":"post_tag","embeddable":true,"href":"https:\/\/archive.sana.sy\/es\/index.php?rest_route=%2Fwp%2Fv2%2Ftags&post=36123"}],"curies":[{"name":"wp","href":"https:\/\/api.w.org\/{rel}","templated":true}]}}