{"id":36135,"date":"2016-01-06T19:14:16","date_gmt":"2016-01-06T17:14:16","guid":{"rendered":"http:\/\/sana.sy\/es\/?p=36135"},"modified":"2023-01-09T14:09:34","modified_gmt":"2023-01-09T12:09:34","slug":"el-ministro-del-interior-se-reune-con-las-familias-de-los-martires-y-heridos-del-atentado-del-barrio-de-al-zahraa","status":"publish","type":"post","link":"https:\/\/archive.sana.sy\/es\/?p=36135","title":{"rendered":"El Ministro del Interior se re\u00fane con las familias de los m\u00e1rtires y heridos del atentado del barrio de al-Zahraa"},"content":{"rendered":"<p><span style=\"color: #800000\">Homs, SANA<\/span><\/p>\n<p>El ministro del Interior, general Mohamad al-Shaar se\u00f1al\u00f3 que los comit\u00e9s de seguridad en Homs hacen todo lo posible para estabilizar la provincia central, y est\u00e1n tomando firmes medidas \u201cpara evitar cualquier penetraci\u00f3n\u201d.<\/p>\n<p>Estas declaraciones se emitieron durante una reuni\u00f3n entre el ministro al-Shaar y las familias de los m\u00e1rtires y los heridos del atentado terrorista que se produjo recientemente en el barrio de al-Zahraa.<\/p>\n<p>El titular del Interior destac\u00f3 la importancia de la cooperaci\u00f3n entre los vecinos de Homs y los agentes de seguridad, as\u00ed como elogi\u00f3 la resistencia de los residentes del barrio de al-Zahraa, se\u00f1alando que el Gobierno les prestar\u00e1 toda la asistencia necesaria para mermar el impacto del terrorismo que azot\u00f3 su barrio.<\/p>\n<p><img loading=\"lazy\" decoding=\"async\" class=\"size-medium wp-image-36137 alignleft\" src=\"http:\/\/sana.sy\/es\/wp-content\/uploads\/2016\/01\/ministro-al-Shaar-Homs-300x199.jpg\" alt=\"ministro al-Shaar- Homs\" width=\"300\" height=\"199\" srcset=\"https:\/\/archive.sana.sy\/es\/wp-content\/uploads\/2016\/01\/ministro-al-Shaar-Homs-300x199.jpg 300w, https:\/\/archive.sana.sy\/es\/wp-content\/uploads\/2016\/01\/ministro-al-Shaar-Homs-150x100.jpg 150w, https:\/\/archive.sana.sy\/es\/wp-content\/uploads\/2016\/01\/ministro-al-Shaar-Homs-768x510.jpg 768w, https:\/\/archive.sana.sy\/es\/wp-content\/uploads\/2016\/01\/ministro-al-Shaar-Homs-1024x680.jpg 1024w, https:\/\/archive.sana.sy\/es\/wp-content\/uploads\/2016\/01\/ministro-al-Shaar-Homs-310x205.jpg 310w\" sizes=\"(max-width: 300px) 100vw, 300px\" \/><\/p>\n<p>Por otro lado, el ministro al-Shaar se reuni\u00f3 con oficiales y polic\u00edas en la sede de la Jefatura de Polic\u00eda de la Gobernaci\u00f3n de Homs, donde alab\u00f3 el importante papel desempe\u00f1ado por las fuerzas de seguridad en apoyo a las fuerzas armadas durante los \u00faltimos cincos a\u00f1os.<\/p>\n<p>Asegur\u00f3 que el Estado sirio seguir\u00e1 luchando contra el terrorismo y realizando reconciliaciones nacionales.<\/p>\n<p>Anteriormente, el ministro al-Shaar realiz\u00f3 una visita al barrio de al-Zahraa para examinar de cerca la destrucci\u00f3n que dej\u00f3 la explosi\u00f3n terrorista en las propiedades privadas y p\u00fablicas, as\u00ed como visti\u00f3 todos los puntos de control en la ciudad de Homs.<\/p>\n<p>Cabe recordar que un antenado terrorista con un coche bomba hab\u00eda sacudido el 12 del pasado mes de diciembre el barrio de al-Zaharaa situado en el centro de la ciudad de Homs, causando la muerte de 16 personas y dejando decenas de heridos.<\/p>\n<p>&nbsp;<\/p>\n<p>&nbsp;<\/p>\n<p>Lynn A.<\/p>\n","protected":false},"excerpt":{"rendered":"<p>Homs, SANA El ministro del Interior, general Mohamad al-Shaar se\u00f1al\u00f3 que los comit\u00e9s de seguridad en Homs hacen todo lo posible para estabilizar la provincia central, y est\u00e1n tomando firmes medidas \u201cpara evitar cualquier penetraci\u00f3n\u201d. Estas declaraciones se emitieron durante una reuni\u00f3n entre el ministro al-Shaar y las familias de los m\u00e1rtires y los heridos &hellip;<\/p>\n","protected":false},"author":24,"featured_media":36136,"comment_status":"closed","ping_status":"closed","sticky":false,"template":"","format":"standard","meta":{"footnotes":""},"categories":[477,476],"tags":[],"class_list":["post-36135","post","type-post","status-publish","format-standard","has-post-thumbnail","","category-noticias-edulcorantes","category-locales"],"_links":{"self":[{"href":"https:\/\/archive.sana.sy\/es\/index.php?rest_route=\/wp\/v2\/posts\/36135"}],"collection":[{"href":"https:\/\/archive.sana.sy\/es\/index.php?rest_route=\/wp\/v2\/posts"}],"about":[{"href":"https:\/\/archive.sana.sy\/es\/index.php?rest_route=\/wp\/v2\/types\/post"}],"author":[{"embeddable":true,"href":"https:\/\/archive.sana.sy\/es\/index.php?rest_route=\/wp\/v2\/users\/24"}],"replies":[{"embeddable":true,"href":"https:\/\/archive.sana.sy\/es\/index.php?rest_route=%2Fwp%2Fv2%2Fcomments&post=36135"}],"version-history":[{"count":0,"href":"https:\/\/archive.sana.sy\/es\/index.php?rest_route=\/wp\/v2\/posts\/36135\/revisions"}],"wp:featuredmedia":[{"embeddable":true,"href":"https:\/\/archive.sana.sy\/es\/index.php?rest_route=\/wp\/v2\/media\/36136"}],"wp:attachment":[{"href":"https:\/\/archive.sana.sy\/es\/index.php?rest_route=%2Fwp%2Fv2%2Fmedia&parent=36135"}],"wp:term":[{"taxonomy":"category","embeddable":true,"href":"https:\/\/archive.sana.sy\/es\/index.php?rest_route=%2Fwp%2Fv2%2Fcategories&post=36135"},{"taxonomy":"post_tag","embeddable":true,"href":"https:\/\/archive.sana.sy\/es\/index.php?rest_route=%2Fwp%2Fv2%2Ftags&post=36135"}],"curies":[{"name":"wp","href":"https:\/\/api.w.org\/{rel}","templated":true}]}}