{"id":36143,"date":"2016-01-06T19:11:12","date_gmt":"2016-01-06T17:11:12","guid":{"rendered":"http:\/\/sana.sy\/es\/?p=36143"},"modified":"2016-01-06T19:13:55","modified_gmt":"2016-01-06T17:13:55","slug":"bogdanov-y-abdullahian-examinan-realizacion-de-los-consensos-logrados-recientemente-sobre-siria","status":"publish","type":"post","link":"https:\/\/archive.sana.sy\/es\/?p=36143","title":{"rendered":"Bogdanov y Abdullahian examinan realizaci\u00f3n de los consensos logrados recientemente sobre Siria"},"content":{"rendered":"<p><span style=\"color: #800000\">Teher\u00e1n, SANA<\/span><\/p>\n<p>El vicecanciller iran\u00ed, Hossein Amir Abdullahian examin\u00f3 durante una conversaci\u00f3n telef\u00f3nica con el vicecanciller ruso, Mjael Bogdanov las v\u00edas de realizar los \u00faltimos consensos respecto a la soluci\u00f3n pol\u00edtica de la crisis en Siria.<\/p>\n<p>Bogdanov destac\u00f3 que los \u00faltimos consensos pol\u00edticos logrados recientemente durante los encuentros del Grupo Internacional para el Apoyo a Siria en Viena y Nueva York constituyen \u201cun paso hacia adelante\u201d.<\/p>\n<p>Enfatiz\u00f3 que Ir\u00e1n tuvo un papel \u201cdestacado\u201d en materia de fortalecer el proceso pol\u00edtico en la regi\u00f3n.<\/p>\n<p>A su vez, el alto funcionario iran\u00ed destac\u00f3 la necesidad de que todos los bandos se apeguen a la soluci\u00f3n pol\u00edtica en Siria.<br \/>\nLynn A.<\/p>\n","protected":false},"excerpt":{"rendered":"<p>Teher\u00e1n, SANA El vicecanciller iran\u00ed, Hossein Amir Abdullahian examin\u00f3 durante una conversaci\u00f3n telef\u00f3nica con el vicecanciller ruso, Mjael Bogdanov las v\u00edas de realizar los \u00faltimos consensos respecto a la soluci\u00f3n pol\u00edtica de la crisis en Siria. Bogdanov destac\u00f3 que los \u00faltimos consensos pol\u00edticos logrados recientemente durante los encuentros del Grupo Internacional para el Apoyo a &hellip;<\/p>\n","protected":false},"author":24,"featured_media":36145,"comment_status":"closed","ping_status":"closed","sticky":false,"template":"","format":"standard","meta":{"footnotes":""},"categories":[467,7541],"tags":[],"class_list":["post-36143","post","type-post","status-publish","format-standard","has-post-thumbnail","","category-siria-y-el-mundo","category-ultimas-noticias"],"_links":{"self":[{"href":"https:\/\/archive.sana.sy\/es\/index.php?rest_route=\/wp\/v2\/posts\/36143"}],"collection":[{"href":"https:\/\/archive.sana.sy\/es\/index.php?rest_route=\/wp\/v2\/posts"}],"about":[{"href":"https:\/\/archive.sana.sy\/es\/index.php?rest_route=\/wp\/v2\/types\/post"}],"author":[{"embeddable":true,"href":"https:\/\/archive.sana.sy\/es\/index.php?rest_route=\/wp\/v2\/users\/24"}],"replies":[{"embeddable":true,"href":"https:\/\/archive.sana.sy\/es\/index.php?rest_route=%2Fwp%2Fv2%2Fcomments&post=36143"}],"version-history":[{"count":0,"href":"https:\/\/archive.sana.sy\/es\/index.php?rest_route=\/wp\/v2\/posts\/36143\/revisions"}],"wp:featuredmedia":[{"embeddable":true,"href":"https:\/\/archive.sana.sy\/es\/index.php?rest_route=\/wp\/v2\/media\/36145"}],"wp:attachment":[{"href":"https:\/\/archive.sana.sy\/es\/index.php?rest_route=%2Fwp%2Fv2%2Fmedia&parent=36143"}],"wp:term":[{"taxonomy":"category","embeddable":true,"href":"https:\/\/archive.sana.sy\/es\/index.php?rest_route=%2Fwp%2Fv2%2Fcategories&post=36143"},{"taxonomy":"post_tag","embeddable":true,"href":"https:\/\/archive.sana.sy\/es\/index.php?rest_route=%2Fwp%2Fv2%2Ftags&post=36143"}],"curies":[{"name":"wp","href":"https:\/\/api.w.org\/{rel}","templated":true}]}}