{"id":361449,"date":"2025-08-06T12:22:06","date_gmt":"2025-08-06T09:22:06","guid":{"rendered":"https:\/\/sana.sy\/es\/?p=361449"},"modified":"2025-08-06T12:22:06","modified_gmt":"2025-08-06T09:22:06","slug":"sudafrica-pide-mayor-presion-internacional-para-detener-el-genocidio-en-gaza","status":"publish","type":"post","link":"https:\/\/archive.sana.sy\/es\/?p=361449","title":{"rendered":"Sud\u00e1frica pide mayor presi\u00f3n internacional para detener el \u201cgenocidio\u201d en Gaza"},"content":{"rendered":"<p style=\"text-align: justify;\"><span style=\"color: #800000;\">Pretoria, 6 ago (SANA)\u00a0<\/span> El ministro de Asuntos Exteriores de Sud\u00e1frica, Ronald Lamola, hizo un llamado a la comunidad internacional para intensificar la presi\u00f3n sobre Israel con el fin de poner fin al conflicto en la Franja de Gaza, al que calific\u00f3 como un \u201cgenocidio\u201d.<\/p>\n<p style=\"text-align: justify;\">\u201cValoramos la intenci\u00f3n de pa\u00edses como Francia, Canad\u00e1 y otros de reconocer al Estado de Palestina, ya que ello contribuir\u00e1 a aumentar la presi\u00f3n internacional para lograr un alto el fuego en Gaza\u201d, declar\u00f3 Lamola en una entrevista con la agencia AFP.<\/p>\n<p style=\"text-align: justify;\">El canciller sudafricano afirm\u00f3 que el creciente rechazo internacional a las acciones israel\u00edes podr\u00eda marcar un punto de inflexi\u00f3n: \u201cCuando algunos pa\u00edses comienzan a decir: \u2018Esto no puede continuar\u2019, nos acercamos al momento en que el r\u00e9gimen israel\u00ed se vea obligado a poner fin al genocidio, permitir la entrada de ayuda humanitaria y sentarse a la mesa de negociaciones\u201d.<\/p>\n<p style=\"text-align: justify;\">Al referirse a la cr\u00edtica situaci\u00f3n humanitaria en Gaza, Lamola record\u00f3 que Sud\u00e1frica ya hab\u00eda advertido ante la Corte Internacional de Justicia (CIJ) sobre el riesgo de una hambruna masiva y de una limpieza \u00e9tnica en el enclave palestino.<\/p>\n<p style=\"text-align: justify;\">Cabe recordar que el 29 de diciembre de 2023, Sud\u00e1frica present\u00f3 una demanda contra Israel ante la CIJ, acus\u00e1ndolo de violar la Convenci\u00f3n de la ONU de 1948 para la Prevenci\u00f3n y la Sanci\u00f3n del Delito de Genocidio.<\/p>\n<p style=\"text-align: justify;\">Como consecuencia de esta demanda, el 26 de enero de 2024, la Corte impuso una serie de medidas provisionales a Israel, incluyendo la obligaci\u00f3n de prevenir actos prohibidos por la Convenci\u00f3n sobre el Genocidio y de garantizar el suministro<\/p>\n","protected":false},"excerpt":{"rendered":"<p>Pretoria, 6 ago (SANA)\u00a0 El ministro de Asuntos Exteriores de Sud\u00e1frica, Ronald Lamola, hizo un llamado a la comunidad internacional para intensificar la presi\u00f3n sobre Israel con el fin de poner fin al conflicto en la Franja de Gaza, al que calific\u00f3 como un \u201cgenocidio\u201d. \u201cValoramos la intenci\u00f3n de pa\u00edses como Francia, Canad\u00e1 y otros &hellip;<\/p>\n","protected":false},"author":32,"featured_media":361450,"comment_status":"closed","ping_status":"closed","sticky":false,"template":"","format":"standard","meta":{"footnotes":""},"categories":[597,456,20724,7541],"tags":[],"class_list":["post-361449","post","type-post","status-publish","format-standard","has-post-thumbnail","","category-cinta-de-noticias","category-arabe-internacional-politica","category-minuto-a-minuto","category-ultimas-noticias"],"_links":{"self":[{"href":"https:\/\/archive.sana.sy\/es\/index.php?rest_route=\/wp\/v2\/posts\/361449"}],"collection":[{"href":"https:\/\/archive.sana.sy\/es\/index.php?rest_route=\/wp\/v2\/posts"}],"about":[{"href":"https:\/\/archive.sana.sy\/es\/index.php?rest_route=\/wp\/v2\/types\/post"}],"author":[{"embeddable":true,"href":"https:\/\/archive.sana.sy\/es\/index.php?rest_route=\/wp\/v2\/users\/32"}],"replies":[{"embeddable":true,"href":"https:\/\/archive.sana.sy\/es\/index.php?rest_route=%2Fwp%2Fv2%2Fcomments&post=361449"}],"version-history":[{"count":1,"href":"https:\/\/archive.sana.sy\/es\/index.php?rest_route=\/wp\/v2\/posts\/361449\/revisions"}],"predecessor-version":[{"id":361451,"href":"https:\/\/archive.sana.sy\/es\/index.php?rest_route=\/wp\/v2\/posts\/361449\/revisions\/361451"}],"wp:featuredmedia":[{"embeddable":true,"href":"https:\/\/archive.sana.sy\/es\/index.php?rest_route=\/wp\/v2\/media\/361450"}],"wp:attachment":[{"href":"https:\/\/archive.sana.sy\/es\/index.php?rest_route=%2Fwp%2Fv2%2Fmedia&parent=361449"}],"wp:term":[{"taxonomy":"category","embeddable":true,"href":"https:\/\/archive.sana.sy\/es\/index.php?rest_route=%2Fwp%2Fv2%2Fcategories&post=361449"},{"taxonomy":"post_tag","embeddable":true,"href":"https:\/\/archive.sana.sy\/es\/index.php?rest_route=%2Fwp%2Fv2%2Ftags&post=361449"}],"curies":[{"name":"wp","href":"https:\/\/api.w.org\/{rel}","templated":true}]}}