{"id":361452,"date":"2025-08-06T13:52:28","date_gmt":"2025-08-06T10:52:28","guid":{"rendered":"https:\/\/sana.sy\/es\/?p=361452"},"modified":"2025-08-06T13:52:28","modified_gmt":"2025-08-06T10:52:28","slug":"graves-incendios-forestales-afectan-a-francia-espana-y-canada","status":"publish","type":"post","link":"https:\/\/archive.sana.sy\/es\/?p=361452","title":{"rendered":"Graves incendios forestales afectan a Francia, Espa\u00f1a y Canad\u00e1"},"content":{"rendered":"<p style=\"text-align: justify;\"><span style=\"color: #800000;\">Capitales, 6 ago (SANA)<\/span>\u00a0 Al menos nueve personas resultaron heridas debido a los incendios forestales que se desataron este martes en el departamento de Aude, en el sur de Francia, y que han arrasado vastas extensiones de terreno.<\/p>\n<p style=\"text-align: justify;\">Seg\u00fan medios franceses, las llamas ya han consumido unas 800 hect\u00e1reas y contin\u00faan propag\u00e1ndose r\u00e1pidamente. Las autoridades advierten que el fuego podr\u00eda alcanzar la autopista A9, una v\u00eda estrat\u00e9gica que conecta Francia con Espa\u00f1a.<\/p>\n<p style=\"text-align: justify;\">Como medida preventiva, se cerr\u00f3 el tramo entre Perpi\u00f1\u00e1n y Narbona, y se evacuaron dos campings en la localidad tur\u00edstica de La Palme, lo que implic\u00f3 el desplazamiento de aproximadamente 500 personas.<\/p>\n<p style=\"text-align: justify;\"><strong><span style=\"color: #0000ff;\">Espa\u00f1a evacua a cientos ante avance del fuego<\/span><\/strong><\/p>\n<p style=\"text-align: justify;\">En paralelo, la intensa ola de calor que azota Europa ha intensificado el riesgo de incendios en Espa\u00f1a. En el sur del pa\u00eds, cientos de turistas fueron evacuados de hoteles y campings tras declararse un incendio forestal que oblig\u00f3 a cerrar un tramo de 9 kil\u00f3metros de la principal carretera costera.<\/p>\n<p style=\"text-align: justify;\">La Agencia Espa\u00f1ola de Protecci\u00f3n Civil ha emitido alertas por riesgo extremo de incendios en varias regiones, ante las altas temperaturas persistentes.<\/p>\n<p style=\"text-align: justify;\"><strong><span style=\"color: #0000ff;\">Canad\u00e1: miles de evacuados por incendios incontrolables<\/span><\/strong><\/p>\n<p style=\"text-align: justify;\">En Am\u00e9rica del Norte, Canad\u00e1 enfrenta una grave crisis ambiental. Decenas de incendios forestales han obligado a miles de personas a abandonar sus hogares, especialmente en las provincias de Columbia Brit\u00e1nica, Alberta, Saskatchewan y Ontario.<\/p>\n<p style=\"text-align: justify;\">El Centro Interinstitucional Canadiense de Incendios Forestales inform\u00f3 que actualmente hay 742 incendios activos en el pa\u00eds, casi 200 de ellos fuera de control. En lo que va del a\u00f1o, se han registrado alrededor de 4.000 incendios que han destruido unas 6,7 millones de hect\u00e1reas de terreno, seg\u00fan datos oficiales.<\/p>\n","protected":false},"excerpt":{"rendered":"<p>Capitales, 6 ago (SANA)\u00a0 Al menos nueve personas resultaron heridas debido a los incendios forestales que se desataron este martes en el departamento de Aude, en el sur de Francia, y que han arrasado vastas extensiones de terreno. Seg\u00fan medios franceses, las llamas ya han consumido unas 800 hect\u00e1reas y contin\u00faan propag\u00e1ndose r\u00e1pidamente. Las autoridades &hellip;<\/p>\n","protected":false},"author":32,"featured_media":361453,"comment_status":"closed","ping_status":"closed","sticky":false,"template":"","format":"standard","meta":{"footnotes":""},"categories":[597,456,20724,7541],"tags":[],"class_list":["post-361452","post","type-post","status-publish","format-standard","has-post-thumbnail","","category-cinta-de-noticias","category-arabe-internacional-politica","category-minuto-a-minuto","category-ultimas-noticias"],"_links":{"self":[{"href":"https:\/\/archive.sana.sy\/es\/index.php?rest_route=\/wp\/v2\/posts\/361452"}],"collection":[{"href":"https:\/\/archive.sana.sy\/es\/index.php?rest_route=\/wp\/v2\/posts"}],"about":[{"href":"https:\/\/archive.sana.sy\/es\/index.php?rest_route=\/wp\/v2\/types\/post"}],"author":[{"embeddable":true,"href":"https:\/\/archive.sana.sy\/es\/index.php?rest_route=\/wp\/v2\/users\/32"}],"replies":[{"embeddable":true,"href":"https:\/\/archive.sana.sy\/es\/index.php?rest_route=%2Fwp%2Fv2%2Fcomments&post=361452"}],"version-history":[{"count":1,"href":"https:\/\/archive.sana.sy\/es\/index.php?rest_route=\/wp\/v2\/posts\/361452\/revisions"}],"predecessor-version":[{"id":361454,"href":"https:\/\/archive.sana.sy\/es\/index.php?rest_route=\/wp\/v2\/posts\/361452\/revisions\/361454"}],"wp:featuredmedia":[{"embeddable":true,"href":"https:\/\/archive.sana.sy\/es\/index.php?rest_route=\/wp\/v2\/media\/361453"}],"wp:attachment":[{"href":"https:\/\/archive.sana.sy\/es\/index.php?rest_route=%2Fwp%2Fv2%2Fmedia&parent=361452"}],"wp:term":[{"taxonomy":"category","embeddable":true,"href":"https:\/\/archive.sana.sy\/es\/index.php?rest_route=%2Fwp%2Fv2%2Fcategories&post=361452"},{"taxonomy":"post_tag","embeddable":true,"href":"https:\/\/archive.sana.sy\/es\/index.php?rest_route=%2Fwp%2Fv2%2Ftags&post=361452"}],"curies":[{"name":"wp","href":"https:\/\/api.w.org\/{rel}","templated":true}]}}