{"id":36148,"date":"2016-01-07T11:59:37","date_gmt":"2016-01-07T09:59:37","guid":{"rendered":"http:\/\/sana.sy\/es\/?p=36148"},"modified":"2016-01-07T11:59:37","modified_gmt":"2016-01-07T09:59:37","slug":"fuerzas-iraquies-destruyen-un-campamento-del-ei-en-anbar","status":"publish","type":"post","link":"https:\/\/archive.sana.sy\/es\/?p=36148","title":{"rendered":"Fuerzas iraqu\u00edes destruyen un campamento del EI en Anbar"},"content":{"rendered":"<div><span lang=\"ES-TRAD\" style=\"color: #800000\">Bagdad, SANA<\/span><\/div>\n<div><span lang=\"ES-TRAD\">\u00a0<\/span><\/div>\n<div><span lang=\"ES-TRAD\">Las Fuerzas iraqu\u00edes destruyeron un campamento perteneciente a la organizaci\u00f3n terrorista del Estado Isl\u00e1mico (EI), y eliminaron a 75 terroristas al este de la localidad de Thar Thar, en la provincia de Anbar, al oeste de Irak.<\/span><\/div>\n<div><span lang=\"ES-TRAD\">\u00a0<\/span><\/div>\n<div><span lang=\"ES-TRAD\">La Agencia de Seguridad Nacional de Irak inform\u00f3 en un comunicado que &#8220;bas\u00e1ndose en precisas informaciones de inteligencia recibidas por el departamento antiterrorista, la Fuerza A\u00e9rea atac\u00f3 a un campamento de las bandillas del EI al oeste de la localidad de Thar Thar, y se\u00f1al\u00f3 que dicha instalaci\u00f3n qued\u00f3 completamente destruida.<\/span><\/div>\n<div><span lang=\"ES-TRAD\">\u00a0<\/span><\/div>\n<div><span lang=\"ES-TRAD\">El comunicado agreg\u00f3 que al menos a 75 terroristas fueron eliminados en el campamento atacado, adem\u00e1s de la destrucci\u00f3n de un gran n\u00famero de veh\u00edculos blindados y minados.<\/span><\/div>\n<div><span lang=\"ES-TRAD\">\u00a0<\/span><\/div>\n<div><span lang=\"ES-TRAD\">La fuerza a\u00e9rea iraqu\u00ed hab\u00eda eliminado a 21 terroristas al bombardear un convoy de veh\u00edculos de los terroristas al oeste de Ramadi.<\/span><\/div>\n<div>\n<div>\n<span style=\"font-size: medium\"><b><span style=\"color: #0000bf\">Fady M., Hala B.<\/span><\/b><\/span><\/div>\n<\/div>\n<p>&nbsp;<\/p>\n","protected":false},"excerpt":{"rendered":"<p>Bagdad, SANA \u00a0 Las Fuerzas iraqu\u00edes destruyeron un campamento perteneciente a la organizaci\u00f3n terrorista del Estado Isl\u00e1mico (EI), y eliminaron a 75 terroristas al este de la localidad de Thar Thar, en la provincia de Anbar, al oeste de Irak. \u00a0 La Agencia de Seguridad Nacional de Irak inform\u00f3 en un comunicado que &#8220;bas\u00e1ndose en &hellip;<\/p>\n","protected":false},"author":1,"featured_media":36149,"comment_status":"closed","ping_status":"closed","sticky":false,"template":"","format":"standard","meta":{"footnotes":""},"categories":[597,456,457,576,7541],"tags":[7740],"class_list":["post-36148","post","type-post","status-publish","format-standard","has-post-thumbnail","","category-cinta-de-noticias","category-arabe-internacional-politica","category-noticias-arabe-internacional-politica","category-noticias-politicas","category-ultimas-noticias","tag-fuerzas-iraquies-destruyen-un-campamento-del-ei-en-anbar"],"_links":{"self":[{"href":"https:\/\/archive.sana.sy\/es\/index.php?rest_route=\/wp\/v2\/posts\/36148"}],"collection":[{"href":"https:\/\/archive.sana.sy\/es\/index.php?rest_route=\/wp\/v2\/posts"}],"about":[{"href":"https:\/\/archive.sana.sy\/es\/index.php?rest_route=\/wp\/v2\/types\/post"}],"author":[{"embeddable":true,"href":"https:\/\/archive.sana.sy\/es\/index.php?rest_route=\/wp\/v2\/users\/1"}],"replies":[{"embeddable":true,"href":"https:\/\/archive.sana.sy\/es\/index.php?rest_route=%2Fwp%2Fv2%2Fcomments&post=36148"}],"version-history":[{"count":0,"href":"https:\/\/archive.sana.sy\/es\/index.php?rest_route=\/wp\/v2\/posts\/36148\/revisions"}],"wp:featuredmedia":[{"embeddable":true,"href":"https:\/\/archive.sana.sy\/es\/index.php?rest_route=\/wp\/v2\/media\/36149"}],"wp:attachment":[{"href":"https:\/\/archive.sana.sy\/es\/index.php?rest_route=%2Fwp%2Fv2%2Fmedia&parent=36148"}],"wp:term":[{"taxonomy":"category","embeddable":true,"href":"https:\/\/archive.sana.sy\/es\/index.php?rest_route=%2Fwp%2Fv2%2Fcategories&post=36148"},{"taxonomy":"post_tag","embeddable":true,"href":"https:\/\/archive.sana.sy\/es\/index.php?rest_route=%2Fwp%2Fv2%2Ftags&post=36148"}],"curies":[{"name":"wp","href":"https:\/\/api.w.org\/{rel}","templated":true}]}}