{"id":36151,"date":"2016-01-07T12:00:47","date_gmt":"2016-01-07T10:00:47","guid":{"rendered":"http:\/\/sana.sy\/es\/?p=36151"},"modified":"2016-01-07T16:59:54","modified_gmt":"2016-01-07T14:59:54","slug":"presidente-al-assad-decreta-la-creacion-del-organo-de-apoyo-y-desarrollo-de-exportaciones-y-produccion-nacional","status":"publish","type":"post","link":"https:\/\/archive.sana.sy\/es\/?p=36151","title":{"rendered":"Presidente Al Assad decreta la creaci\u00f3n del \u00d3rgano de Apoyo y Desarrollo de Exportaciones y Producci\u00f3n Nacional"},"content":{"rendered":"<div><span lang=\"ES-TRAD\" style=\"color: #800000\">Damasco, SANA<\/span><\/div>\n<div><span lang=\"ES-TRAD\">\u00a0<\/span><\/div>\n<div><span lang=\"ES-TRAD\">El presidente Bashar al Assad, promulg\u00f3 la Ley No. 3 que estipula la creaci\u00f3n del \u00d3rgano de Apoyo y Desarrollo de Exportaciones y Producci\u00f3n Nacional, con sede en Damasco.<\/span><\/div>\n<div><span lang=\"ES-TRAD\">\u00a0<\/span><\/div>\n<div><span lang=\"ES-TRAD\">El nuevo \u00f3rgano creado sustituye a la Agencia de Promoci\u00f3n de Exportaciones, creada por el Decreto Legislativo No 6 del a\u00f1o 2009.<\/span><\/div>\n<div><\/div>\n<div>\n<div><span style=\"font-size: medium\"><b><span style=\"color: #0000bf\">Fady M., Hala B.<\/span><\/b><\/span><\/div>\n<\/div>\n<p>&nbsp;<\/p>\n","protected":false},"excerpt":{"rendered":"<p>Damasco, SANA \u00a0 El presidente Bashar al Assad, promulg\u00f3 la Ley No. 3 que estipula la creaci\u00f3n del \u00d3rgano de Apoyo y Desarrollo de Exportaciones y Producci\u00f3n Nacional, con sede en Damasco. \u00a0 El nuevo \u00f3rgano creado sustituye a la Agencia de Promoci\u00f3n de Exportaciones, creada por el Decreto Legislativo No 6 del a\u00f1o 2009. &hellip;<\/p>\n","protected":false},"author":1,"featured_media":28216,"comment_status":"closed","ping_status":"closed","sticky":false,"template":"","format":"standard","meta":{"footnotes":""},"categories":[476,583,626,7541],"tags":[7741],"class_list":["post-36151","post","type-post","status-publish","format-standard","has-post-thumbnail","","category-locales","category-slide","category-sr-presidente","category-ultimas-noticias","tag-presidente-al-assad-decreta-la-creacion-del-organo-de-apoyo-y-desarrollo-de-exportaciones-y-produccion-nacional"],"_links":{"self":[{"href":"https:\/\/archive.sana.sy\/es\/index.php?rest_route=\/wp\/v2\/posts\/36151"}],"collection":[{"href":"https:\/\/archive.sana.sy\/es\/index.php?rest_route=\/wp\/v2\/posts"}],"about":[{"href":"https:\/\/archive.sana.sy\/es\/index.php?rest_route=\/wp\/v2\/types\/post"}],"author":[{"embeddable":true,"href":"https:\/\/archive.sana.sy\/es\/index.php?rest_route=\/wp\/v2\/users\/1"}],"replies":[{"embeddable":true,"href":"https:\/\/archive.sana.sy\/es\/index.php?rest_route=%2Fwp%2Fv2%2Fcomments&post=36151"}],"version-history":[{"count":0,"href":"https:\/\/archive.sana.sy\/es\/index.php?rest_route=\/wp\/v2\/posts\/36151\/revisions"}],"wp:featuredmedia":[{"embeddable":true,"href":"https:\/\/archive.sana.sy\/es\/index.php?rest_route=\/wp\/v2\/media\/28216"}],"wp:attachment":[{"href":"https:\/\/archive.sana.sy\/es\/index.php?rest_route=%2Fwp%2Fv2%2Fmedia&parent=36151"}],"wp:term":[{"taxonomy":"category","embeddable":true,"href":"https:\/\/archive.sana.sy\/es\/index.php?rest_route=%2Fwp%2Fv2%2Fcategories&post=36151"},{"taxonomy":"post_tag","embeddable":true,"href":"https:\/\/archive.sana.sy\/es\/index.php?rest_route=%2Fwp%2Fv2%2Ftags&post=36151"}],"curies":[{"name":"wp","href":"https:\/\/api.w.org\/{rel}","templated":true}]}}