{"id":36153,"date":"2016-01-07T12:02:21","date_gmt":"2016-01-07T10:02:21","guid":{"rendered":"http:\/\/sana.sy\/es\/?p=36153"},"modified":"2016-01-07T12:02:21","modified_gmt":"2016-01-07T10:02:21","slug":"muertos-y-heridos-en-un-atentado-con-coche-bomba-en-la-ciudad-libia-de-zliten","status":"publish","type":"post","link":"https:\/\/archive.sana.sy\/es\/?p=36153","title":{"rendered":"Muertos y heridos en un atentado con coche bomba en la ciudad libia de Zliten"},"content":{"rendered":"<div><span lang=\"ES-TRAD\">Tr\u00edpoli, SANA<\/span><\/div>\n<div><\/div>\n<div><span lang=\"ES-TRAD\">Varias personas perdieron la vida y otras resultaron heridas en la explosi\u00f3n de un coche bomba en la ciudad de Zliten en el este de Libia.<\/span><\/div>\n<div><span lang=\"ES-TRAD\">\u00a0<\/span><\/div>\n<div><span lang=\"ES-TRAD\">Seg\u00fan fuentes libias, el atentado se produjo dentro de un campo de entrenamiento de la polic\u00eda sin dar detalles sobre el n\u00famero exacto de v\u00edctimas.<\/span><\/div>\n<div><span lang=\"ES-TRAD\">\u00a0<\/span><\/div>\n<div><span lang=\"ES-TRAD\">Por otro lado, una fuerte explosi\u00f3n sacudi\u00f3 \u00a0la ciudad de Derna en el nordeste de Libia.<\/span><\/div>\n<div><span lang=\"ES-TRAD\">\u00a0<\/span><\/div>\n<div><span lang=\"ES-TRAD\">Fuentes libias informaron que la explosi\u00f3n se produjo en el barrio de Bab Tobruk y se debi\u00f3 a un artefacto explosivo.<\/span><\/div>\n<div>\n<div>\n<span style=\"font-size: medium\"><b><span style=\"color: #0000bf\">Fady M., Hala B.<\/span><\/b><\/span><\/div>\n<\/div>\n<p>&nbsp;<\/p>\n","protected":false},"excerpt":{"rendered":"<p>Tr\u00edpoli, SANA Varias personas perdieron la vida y otras resultaron heridas en la explosi\u00f3n de un coche bomba en la ciudad de Zliten en el este de Libia. \u00a0 Seg\u00fan fuentes libias, el atentado se produjo dentro de un campo de entrenamiento de la polic\u00eda sin dar detalles sobre el n\u00famero exacto de v\u00edctimas. \u00a0 &hellip;<\/p>\n","protected":false},"author":1,"featured_media":36154,"comment_status":"closed","ping_status":"closed","sticky":false,"template":"","format":"standard","meta":{"footnotes":""},"categories":[456,457,576,7541],"tags":[7742],"class_list":["post-36153","post","type-post","status-publish","format-standard","has-post-thumbnail","","category-arabe-internacional-politica","category-noticias-arabe-internacional-politica","category-noticias-politicas","category-ultimas-noticias","tag-muertos-y-heridos-en-un-atentado-con-coche-bomba-en-la-ciudad-libia-de-zliten"],"_links":{"self":[{"href":"https:\/\/archive.sana.sy\/es\/index.php?rest_route=\/wp\/v2\/posts\/36153"}],"collection":[{"href":"https:\/\/archive.sana.sy\/es\/index.php?rest_route=\/wp\/v2\/posts"}],"about":[{"href":"https:\/\/archive.sana.sy\/es\/index.php?rest_route=\/wp\/v2\/types\/post"}],"author":[{"embeddable":true,"href":"https:\/\/archive.sana.sy\/es\/index.php?rest_route=\/wp\/v2\/users\/1"}],"replies":[{"embeddable":true,"href":"https:\/\/archive.sana.sy\/es\/index.php?rest_route=%2Fwp%2Fv2%2Fcomments&post=36153"}],"version-history":[{"count":0,"href":"https:\/\/archive.sana.sy\/es\/index.php?rest_route=\/wp\/v2\/posts\/36153\/revisions"}],"wp:featuredmedia":[{"embeddable":true,"href":"https:\/\/archive.sana.sy\/es\/index.php?rest_route=\/wp\/v2\/media\/36154"}],"wp:attachment":[{"href":"https:\/\/archive.sana.sy\/es\/index.php?rest_route=%2Fwp%2Fv2%2Fmedia&parent=36153"}],"wp:term":[{"taxonomy":"category","embeddable":true,"href":"https:\/\/archive.sana.sy\/es\/index.php?rest_route=%2Fwp%2Fv2%2Fcategories&post=36153"},{"taxonomy":"post_tag","embeddable":true,"href":"https:\/\/archive.sana.sy\/es\/index.php?rest_route=%2Fwp%2Fv2%2Ftags&post=36153"}],"curies":[{"name":"wp","href":"https:\/\/api.w.org\/{rel}","templated":true}]}}