{"id":36156,"date":"2016-01-07T12:47:37","date_gmt":"2016-01-07T10:47:37","guid":{"rendered":"http:\/\/sana.sy\/es\/?p=36156"},"modified":"2016-01-07T12:47:37","modified_gmt":"2016-01-07T10:47:37","slug":"rusia-y-eeuu-expresan-preocupacion-respecto-a-acciones-de-corea-del-norte","status":"publish","type":"post","link":"https:\/\/archive.sana.sy\/es\/?p=36156","title":{"rendered":"Rusia y EEUU expresan preocupaci\u00f3n respecto a acciones de Corea del Norte"},"content":{"rendered":"<div><span lang=\"ES-TRAD\" style=\"color: #800000\">Mosc\u00fa, SANA<\/span><\/div>\n<div><span lang=\"ES-TRAD\">\u00a0<\/span><\/div>\n<div><span lang=\"ES-TRAD\">El viceministro de Exteriores de Rusia, \u00cdgor Morg\u00falov, y el representante especial de EEUU de pol\u00edtica para Corea del Norte, Son Kim, expresaron en conversaci\u00f3n telef\u00f3nica su preocupaci\u00f3n respecto al anuncio de Corea del Norte sobre la prueba de una bomba de hidr\u00f3geno.<\/span><\/div>\n<div><span lang=\"ES-TRAD\">\u00a0<\/span><\/div>\n<div><span lang=\"ES-TRAD\">Un comunicado emitido por la canciller\u00eda rusa inform\u00f3 que ambos lados intercambiaron opiniones sobre las perspectivas de una soluci\u00f3n para el problema nuclear de la pen\u00ednsula coreana a ra\u00edz del anuncio de Corea del Norte sobre la prueba de la bomba de hidr\u00f3geno.<\/span><\/div>\n<div><span lang=\"ES-TRAD\">\u00a0<\/span><\/div>\n<div><span lang=\"ES-TRAD\">El comunicado se\u00f1al\u00f3 que las dos partes expresaron la preocupaci\u00f3n por el proceder de Pyongyang que calificaron como una violaci\u00f3n directa de las correspondientes resoluciones del Consejo de Seguridad de la ONU.<\/span><\/div>\n<div>\n<div>\n<span style=\"font-size: medium\"><b><span style=\"color: #0000bf\">Fady M., Hala B.<\/span><\/b><\/span><\/div>\n<\/div>\n<p>&nbsp;<\/p>\n","protected":false},"excerpt":{"rendered":"<p>Mosc\u00fa, SANA \u00a0 El viceministro de Exteriores de Rusia, \u00cdgor Morg\u00falov, y el representante especial de EEUU de pol\u00edtica para Corea del Norte, Son Kim, expresaron en conversaci\u00f3n telef\u00f3nica su preocupaci\u00f3n respecto al anuncio de Corea del Norte sobre la prueba de una bomba de hidr\u00f3geno. \u00a0 Un comunicado emitido por la canciller\u00eda rusa inform\u00f3 &hellip;<\/p>\n","protected":false},"author":1,"featured_media":36157,"comment_status":"closed","ping_status":"closed","sticky":false,"template":"","format":"standard","meta":{"footnotes":""},"categories":[597,456,576,7541],"tags":[7743],"class_list":["post-36156","post","type-post","status-publish","format-standard","has-post-thumbnail","","category-cinta-de-noticias","category-arabe-internacional-politica","category-noticias-politicas","category-ultimas-noticias","tag-rusia-y-eeuu-expresan-preocupacion-respecto-a-acciones-de-corea-del-norte"],"_links":{"self":[{"href":"https:\/\/archive.sana.sy\/es\/index.php?rest_route=\/wp\/v2\/posts\/36156"}],"collection":[{"href":"https:\/\/archive.sana.sy\/es\/index.php?rest_route=\/wp\/v2\/posts"}],"about":[{"href":"https:\/\/archive.sana.sy\/es\/index.php?rest_route=\/wp\/v2\/types\/post"}],"author":[{"embeddable":true,"href":"https:\/\/archive.sana.sy\/es\/index.php?rest_route=\/wp\/v2\/users\/1"}],"replies":[{"embeddable":true,"href":"https:\/\/archive.sana.sy\/es\/index.php?rest_route=%2Fwp%2Fv2%2Fcomments&post=36156"}],"version-history":[{"count":0,"href":"https:\/\/archive.sana.sy\/es\/index.php?rest_route=\/wp\/v2\/posts\/36156\/revisions"}],"wp:featuredmedia":[{"embeddable":true,"href":"https:\/\/archive.sana.sy\/es\/index.php?rest_route=\/wp\/v2\/media\/36157"}],"wp:attachment":[{"href":"https:\/\/archive.sana.sy\/es\/index.php?rest_route=%2Fwp%2Fv2%2Fmedia&parent=36156"}],"wp:term":[{"taxonomy":"category","embeddable":true,"href":"https:\/\/archive.sana.sy\/es\/index.php?rest_route=%2Fwp%2Fv2%2Fcategories&post=36156"},{"taxonomy":"post_tag","embeddable":true,"href":"https:\/\/archive.sana.sy\/es\/index.php?rest_route=%2Fwp%2Fv2%2Ftags&post=36156"}],"curies":[{"name":"wp","href":"https:\/\/api.w.org\/{rel}","templated":true}]}}