{"id":36161,"date":"2016-01-07T13:53:04","date_gmt":"2016-01-07T11:53:04","guid":{"rendered":"http:\/\/sana.sy\/es\/?p=36161"},"modified":"2016-01-07T13:53:05","modified_gmt":"2016-01-07T11:53:05","slug":"mufti-de-la-republica-se-reune-con-una-delegacion-de-jovenes-solidarios-con-siria","status":"publish","type":"post","link":"https:\/\/archive.sana.sy\/es\/?p=36161","title":{"rendered":"Muft\u00ed de la Rep\u00fablica se re\u00fane con una delegaci\u00f3n de j\u00f3venes solidarios con Siria"},"content":{"rendered":"<div><span lang=\"ES-TRAD\">Damasco, SANA<\/span><\/div>\n<div><span lang=\"ES-TRAD\">\u00a0<\/span><\/div>\n<div><span lang=\"ES-TRAD\">El Gran Muft\u00ed de la Rep\u00fablica, Ahmad Badr al-Din Hassoun, dijo que &#8220;con su batalla contra el terrorismo y el takfirismo, Siria no s\u00f3lo defiende a s\u00ed misma sino que defiende la civilizaci\u00f3n y el futuro de los j\u00f3venes.<\/span><\/div>\n<div><span lang=\"ES-TRAD\">\u00a0<\/span><\/div>\n<div><span lang=\"ES-TRAD\">La afirmaci\u00f3n de Muft\u00ed se produjo durante su reuni\u00f3n con los participantes en el Encuentro Internacional de Juventud para la Solidaridad con Siria.<\/span><\/div>\n<div><span lang=\"ES-TRAD\">\u00a0<\/span><\/div>\n<div><span lang=\"ES-TRAD\">Hassoun explic\u00f3 que lo que est\u00e1 sucediendo hoy en d\u00eda en el mundo requiere un despertar intelectual de las nuevas generaciones y un papel m\u00e1s activo de esa generaciones para proteger a sus pa\u00edses de origen, a sus civilizaciones y culturas.<\/span><\/div>\n<div><span lang=\"ES-TRAD\">\u00a0<\/span><\/div>\n<div><span lang=\"ES-TRAD\">La m\u00e1xima autoridad religiosa siria subray\u00f3 que &#8220;Siria seguir\u00e1 siendo un ejemplo de la fraternidad, el amor y la paz, destacando que los sirios son unidos y apoyan a su ej\u00e9rcito en su enfrentamiento al terrorismo.<\/span><\/div>\n<div><span lang=\"ES-TRAD\">\u00a0<\/span><\/div>\n<div><span lang=\"ES-TRAD\">A su vez, un n\u00famero de participantes manifestaron su aprecio por el pueblo, el ej\u00e9rcito y el liderazgo de Siria, y su solidaridad con la lucha siria contra el terrorismo que amenaza a todo el mundo.<\/span><\/div>\n<div><span lang=\"ES-TRAD\">\u00a0<\/span><\/div>\n<div><span lang=\"ES-TRAD\">Las labores de la Reuni\u00f3n Internacional de Juventud para la Solidaridad con Siria hab\u00edan concluido el mi\u00e9rcoles despu\u00e9s de dos d\u00edas de reuniones en los que participaron organizaciones procedentes de 20 pa\u00edses \u00e1rabes y extranjeros.<\/span><\/div>\n<div class=\"yj6qo ajU\">\n<div id=\":m6\" class=\"ajR\"><img decoding=\"async\" class=\"ajT\" src=\"https:\/\/ssl.gstatic.com\/ui\/v1\/icons\/mail\/images\/cleardot.gif\" alt=\"\" \/><\/div>\n<\/div>\n<div><span lang=\"ES-TRAD\">\u00a0<\/span><\/div>\n<div dir=\"ltr\"><\/div>\n<div><\/div>\n<div>\n<div>\n<span style=\"font-size: medium\"><b><span style=\"color: #0000bf\">Fady M<\/span><\/b><\/span><\/div>\n<\/div>\n<p>&nbsp;<\/p>\n","protected":false},"excerpt":{"rendered":"<p>Damasco, SANA \u00a0 El Gran Muft\u00ed de la Rep\u00fablica, Ahmad Badr al-Din Hassoun, dijo que &#8220;con su batalla contra el terrorismo y el takfirismo, Siria no s\u00f3lo defiende a s\u00ed misma sino que defiende la civilizaci\u00f3n y el futuro de los j\u00f3venes. \u00a0 La afirmaci\u00f3n de Muft\u00ed se produjo durante su reuni\u00f3n con los participantes &hellip;<\/p>\n","protected":false},"author":1,"featured_media":36162,"comment_status":"closed","ping_status":"closed","sticky":false,"template":"","format":"standard","meta":{"footnotes":""},"categories":[477,597,476,576,7541],"tags":[],"class_list":["post-36161","post","type-post","status-publish","format-standard","has-post-thumbnail","","category-noticias-edulcorantes","category-cinta-de-noticias","category-locales","category-noticias-politicas","category-ultimas-noticias"],"_links":{"self":[{"href":"https:\/\/archive.sana.sy\/es\/index.php?rest_route=\/wp\/v2\/posts\/36161"}],"collection":[{"href":"https:\/\/archive.sana.sy\/es\/index.php?rest_route=\/wp\/v2\/posts"}],"about":[{"href":"https:\/\/archive.sana.sy\/es\/index.php?rest_route=\/wp\/v2\/types\/post"}],"author":[{"embeddable":true,"href":"https:\/\/archive.sana.sy\/es\/index.php?rest_route=\/wp\/v2\/users\/1"}],"replies":[{"embeddable":true,"href":"https:\/\/archive.sana.sy\/es\/index.php?rest_route=%2Fwp%2Fv2%2Fcomments&post=36161"}],"version-history":[{"count":0,"href":"https:\/\/archive.sana.sy\/es\/index.php?rest_route=\/wp\/v2\/posts\/36161\/revisions"}],"wp:featuredmedia":[{"embeddable":true,"href":"https:\/\/archive.sana.sy\/es\/index.php?rest_route=\/wp\/v2\/media\/36162"}],"wp:attachment":[{"href":"https:\/\/archive.sana.sy\/es\/index.php?rest_route=%2Fwp%2Fv2%2Fmedia&parent=36161"}],"wp:term":[{"taxonomy":"category","embeddable":true,"href":"https:\/\/archive.sana.sy\/es\/index.php?rest_route=%2Fwp%2Fv2%2Fcategories&post=36161"},{"taxonomy":"post_tag","embeddable":true,"href":"https:\/\/archive.sana.sy\/es\/index.php?rest_route=%2Fwp%2Fv2%2Ftags&post=36161"}],"curies":[{"name":"wp","href":"https:\/\/api.w.org\/{rel}","templated":true}]}}