{"id":36177,"date":"2016-01-07T17:29:01","date_gmt":"2016-01-07T15:29:01","guid":{"rendered":"http:\/\/sana.sy\/es\/?p=36177"},"modified":"2016-01-07T17:54:34","modified_gmt":"2016-01-07T15:54:34","slug":"autoridades-sirias-normalizaron-estatus-juridico-de-mas-de-11-mil-personas-en-2015-segun-ministerio-de-justicia","status":"publish","type":"post","link":"https:\/\/archive.sana.sy\/es\/?p=36177","title":{"rendered":"Autoridades normalizaron estatus jur\u00eddico de m\u00e1s de 11 mil personas en 2015 seg\u00fan Ministerio de Justicia"},"content":{"rendered":"<p><span style=\"color: #800000\">Damasco, SANA<\/span><\/p>\n<p>El Ministerio de Justicia revel\u00f3 este jueves que las autoridades correspondientes\u00a0normalizaron el estatus jur\u00eddico de m\u00e1s de 11 mil buscados en 2015.<\/p>\n<p>En un comunicado emitido este jueves, el Ministerio de Justicia precis\u00f3 que la normalizaci\u00f3n incluy\u00f3 a 11057 personas de diferentes provincias sirias que se hab\u00edan\u00a0entregado a las autoridades y comprometido\u00a0con\u00a0no volver a reproducir actos que puedan amenazar la seguridad de la patria.<\/p>\n<p>Cabe destacar que este\u00a0proceso va en el marco de las reconciliaciones nacionales llevadas a cabo por el Gobierno en diferentes provincias sirias paralelamente con sus esfuerzos antiterroristas.<\/p>\n<p>&nbsp;<\/p>\n<p>Lynn A.<\/p>\n","protected":false},"excerpt":{"rendered":"<p>Damasco, SANA El Ministerio de Justicia revel\u00f3 este jueves que las autoridades correspondientes\u00a0normalizaron el estatus jur\u00eddico de m\u00e1s de 11 mil buscados en 2015. En un comunicado emitido este jueves, el Ministerio de Justicia precis\u00f3 que la normalizaci\u00f3n incluy\u00f3 a 11057 personas de diferentes provincias sirias que se hab\u00edan\u00a0entregado a las autoridades y comprometido\u00a0con\u00a0no volver &hellip;<\/p>\n","protected":false},"author":24,"featured_media":24989,"comment_status":"closed","ping_status":"closed","sticky":false,"template":"","format":"standard","meta":{"footnotes":""},"categories":[477,597,573,476,7541],"tags":[],"class_list":["post-36177","post","type-post","status-publish","format-standard","has-post-thumbnail","","category-noticias-edulcorantes","category-cinta-de-noticias","category-la-realidad-de-los-acontecimientos-en-siria","category-locales","category-ultimas-noticias"],"_links":{"self":[{"href":"https:\/\/archive.sana.sy\/es\/index.php?rest_route=\/wp\/v2\/posts\/36177"}],"collection":[{"href":"https:\/\/archive.sana.sy\/es\/index.php?rest_route=\/wp\/v2\/posts"}],"about":[{"href":"https:\/\/archive.sana.sy\/es\/index.php?rest_route=\/wp\/v2\/types\/post"}],"author":[{"embeddable":true,"href":"https:\/\/archive.sana.sy\/es\/index.php?rest_route=\/wp\/v2\/users\/24"}],"replies":[{"embeddable":true,"href":"https:\/\/archive.sana.sy\/es\/index.php?rest_route=%2Fwp%2Fv2%2Fcomments&post=36177"}],"version-history":[{"count":0,"href":"https:\/\/archive.sana.sy\/es\/index.php?rest_route=\/wp\/v2\/posts\/36177\/revisions"}],"wp:featuredmedia":[{"embeddable":true,"href":"https:\/\/archive.sana.sy\/es\/index.php?rest_route=\/wp\/v2\/media\/24989"}],"wp:attachment":[{"href":"https:\/\/archive.sana.sy\/es\/index.php?rest_route=%2Fwp%2Fv2%2Fmedia&parent=36177"}],"wp:term":[{"taxonomy":"category","embeddable":true,"href":"https:\/\/archive.sana.sy\/es\/index.php?rest_route=%2Fwp%2Fv2%2Fcategories&post=36177"},{"taxonomy":"post_tag","embeddable":true,"href":"https:\/\/archive.sana.sy\/es\/index.php?rest_route=%2Fwp%2Fv2%2Ftags&post=36177"}],"curies":[{"name":"wp","href":"https:\/\/api.w.org\/{rel}","templated":true}]}}