{"id":36183,"date":"2016-01-07T22:47:22","date_gmt":"2016-01-07T20:47:22","guid":{"rendered":"http:\/\/sana.sy\/es\/?p=36183"},"modified":"2016-01-09T14:19:03","modified_gmt":"2016-01-09T12:19:03","slug":"siria-e-iran-debaten-la-cooperacion-bilateral-en-los-ambitos-medicos-y-farmaceuticos","status":"publish","type":"post","link":"https:\/\/archive.sana.sy\/es\/?p=36183","title":{"rendered":"Siria e Ir\u00e1n debaten la cooperaci\u00f3n bilateral en los \u00e1mbitos m\u00e9dicos y farmac\u00e9uticos"},"content":{"rendered":"<p><span style=\"color: #800000\">Damasco, SANA<\/span><\/p>\n<p>El primer ministro, Dr. Wael al-Halqui examin\u00f3 con el titular de Salud iran\u00ed, Dr. Hasan Hashemi la cooperaci\u00f3n bilateral en los \u00e1mbitos de salud e investigaci\u00f3n cient\u00edfica, as\u00ed como las v\u00edas de activar los acuerdos firmados entre ambos pa\u00edses y de suscribir unos nuevos.<\/p>\n<p>El jefe del Gabinete sirio expres\u00f3 su alto aprecio a Ir\u00e1n, tanto pueblo como liderazgo, por su apoyo pol\u00edtico y econ\u00f3mico al pueblo y el Estado sirio en su guerra contra el terrorismo.<\/p>\n<p>El Primer ministro sirio hizo una panor\u00e1mica sobre la prosperidad que atestigu\u00f3 el sector de salud sirio antes de la crisis, denunciando que desde el primer d\u00eda de la guerra contra Siria, los terroristas procedieron a destruir y sabotear las instalaciones sanitarias, las f\u00e1bricas farmac\u00e9uticas y las ambulancias, as\u00ed como a asesinar al personal m\u00e9dico sirio.<br \/>\nAl-Halqui destac\u00f3 la importancia de activar la cooperaci\u00f3n con Ir\u00e1n para revitalizar el sector sanitario en Siria, aludiendo que Siria necesita algunos medicamentos y equipos m\u00e9dicos especiales.<\/p>\n<p>A su vez, el ministro persa manifest\u00f3 el inter\u00e9s de su pa\u00eds en satisfacer todas las necesidades del pueblo sirio, especialmente las m\u00e9dicas y farmac\u00e9uticas, expresando su confianza en la pr\u00f3xima victoria de Siria y del eje de la resistencia.<\/p>\n<p>El encuentro cont\u00f3 con la asistencia del ministro de Salud sirio, Nizar Yazayo, el secretario general de la Presidencia del Consejo de Ministro, Taisir al-Zoabi, y el embajador iran\u00ed en Damasco, Mohamad Ra\u00faf Shaibani.<\/p>\n<p>Tras la reuni\u00f3n, el ministro iran\u00ed declar\u00f3 a la prensa que la reuni\u00f3n gir\u00f3 en torno a la cooperaci\u00f3n bilateral en todos los \u00e1mbitos, sobre todo los cient\u00edficos y el intercambio comercial de los medicamentos y los equipos m\u00e9dicos.<\/p>\n<p>Por su parte, el titular de Salud sirio se\u00f1al\u00f3 que la l\u00ednea de cr\u00e9dito iran\u00ed est\u00e1 suministrando Siria sus necesidades de los medicamentos y los equipos m\u00e9dicos, revelando que se acord\u00f3 durante la reuni\u00f3n conceder becas a los estudiantes, agilizar el env\u00edo de las ambulancias contratadas entre Siria e Ir\u00e1n, adem\u00e1s de realizar mini cursos para los cuadros m\u00e9dicos sirios en Ir\u00e1n.<\/p>\n<p>&nbsp;<\/p>\n<p>&nbsp;<\/p>\n<p>Lynn A.<\/p>\n","protected":false},"excerpt":{"rendered":"<p>Damasco, SANA El primer ministro, Dr. Wael al-Halqui examin\u00f3 con el titular de Salud iran\u00ed, Dr. Hasan Hashemi la cooperaci\u00f3n bilateral en los \u00e1mbitos de salud e investigaci\u00f3n cient\u00edfica, as\u00ed como las v\u00edas de activar los acuerdos firmados entre ambos pa\u00edses y de suscribir unos nuevos. El jefe del Gabinete sirio expres\u00f3 su alto aprecio &hellip;<\/p>\n","protected":false},"author":24,"featured_media":36184,"comment_status":"closed","ping_status":"closed","sticky":false,"template":"","format":"standard","meta":{"footnotes":""},"categories":[477,597,476,583],"tags":[],"class_list":["post-36183","post","type-post","status-publish","format-standard","has-post-thumbnail","","category-noticias-edulcorantes","category-cinta-de-noticias","category-locales","category-slide"],"_links":{"self":[{"href":"https:\/\/archive.sana.sy\/es\/index.php?rest_route=\/wp\/v2\/posts\/36183"}],"collection":[{"href":"https:\/\/archive.sana.sy\/es\/index.php?rest_route=\/wp\/v2\/posts"}],"about":[{"href":"https:\/\/archive.sana.sy\/es\/index.php?rest_route=\/wp\/v2\/types\/post"}],"author":[{"embeddable":true,"href":"https:\/\/archive.sana.sy\/es\/index.php?rest_route=\/wp\/v2\/users\/24"}],"replies":[{"embeddable":true,"href":"https:\/\/archive.sana.sy\/es\/index.php?rest_route=%2Fwp%2Fv2%2Fcomments&post=36183"}],"version-history":[{"count":0,"href":"https:\/\/archive.sana.sy\/es\/index.php?rest_route=\/wp\/v2\/posts\/36183\/revisions"}],"wp:featuredmedia":[{"embeddable":true,"href":"https:\/\/archive.sana.sy\/es\/index.php?rest_route=\/wp\/v2\/media\/36184"}],"wp:attachment":[{"href":"https:\/\/archive.sana.sy\/es\/index.php?rest_route=%2Fwp%2Fv2%2Fmedia&parent=36183"}],"wp:term":[{"taxonomy":"category","embeddable":true,"href":"https:\/\/archive.sana.sy\/es\/index.php?rest_route=%2Fwp%2Fv2%2Fcategories&post=36183"},{"taxonomy":"post_tag","embeddable":true,"href":"https:\/\/archive.sana.sy\/es\/index.php?rest_route=%2Fwp%2Fv2%2Ftags&post=36183"}],"curies":[{"name":"wp","href":"https:\/\/api.w.org\/{rel}","templated":true}]}}