{"id":36190,"date":"2016-01-07T19:27:15","date_gmt":"2016-01-07T17:27:15","guid":{"rendered":"http:\/\/sana.sy\/es\/?p=36190"},"modified":"2016-01-07T19:37:13","modified_gmt":"2016-01-07T17:37:13","slug":"de-mistura-visitara-iran-en-el-marco-de-los-preparativos-de-la-reunion-intersiria-en-ginebra","status":"publish","type":"post","link":"https:\/\/archive.sana.sy\/es\/?p=36190","title":{"rendered":"De Mistura visitar\u00e1 Ir\u00e1n en el marco de los preparativos de la reuni\u00f3n intersiria en Ginebra"},"content":{"rendered":"<p><span style=\"color: #800000\">Nueva York, SANA<\/span><\/p>\n<p>El portavoz de la ONU, Farhan Haq anunci\u00f3 este jueves que el enviado especial de la ONU para Siria, Staffan de Mistura visitar\u00e1 el pr\u00f3ximo domingo la\u00a0Rep\u00fablica Isl\u00e1mica de Ir\u00e1n para realizar\u00a0conversaciones con los funcionarios iran\u00edes respecto al encuentro intersirio previsto este mes en Ginebra.<\/p>\n<p>Haq declar\u00f3 a la agencia rusa <em>Sputnik<\/em> que De Mistura continuar\u00e1 su gira efectuada\u00a0en la regi\u00f3n en el marco de los\u00a0preparativos de la reuni\u00f3n intersiria.<\/p>\n<p>Cabe destacar que el enviado especial de la ONU para Siria hab\u00eda expresado su esperanza en la celebraci\u00f3n de esta reuni\u00f3n entre el Gobierno sirio y los bandos de la oposici\u00f3n siria el 25 del mes en curso en Ginebra, seg\u00fan anunci\u00f3 su oficina que asegur\u00f3 que De Mistura est\u00e1 intensificando sus esfuerzos para celebrar las conversaciones intersirias en su fecha determinada, y que el mismo cuenta con la plena colaboraci\u00f3n de todos los bandos sirios interesados.<\/p>\n<p>&nbsp;<\/p>\n<p>&nbsp;<\/p>\n<p>Lynn A.<\/p>\n","protected":false},"excerpt":{"rendered":"<p>Nueva York, SANA El portavoz de la ONU, Farhan Haq anunci\u00f3 este jueves que el enviado especial de la ONU para Siria, Staffan de Mistura visitar\u00e1 el pr\u00f3ximo domingo la\u00a0Rep\u00fablica Isl\u00e1mica de Ir\u00e1n para realizar\u00a0conversaciones con los funcionarios iran\u00edes respecto al encuentro intersirio previsto este mes en Ginebra. Haq declar\u00f3 a la agencia rusa Sputnik &hellip;<\/p>\n","protected":false},"author":24,"featured_media":18127,"comment_status":"closed","ping_status":"closed","sticky":false,"template":"","format":"standard","meta":{"footnotes":""},"categories":[597,467,7541],"tags":[],"class_list":["post-36190","post","type-post","status-publish","format-standard","has-post-thumbnail","","category-cinta-de-noticias","category-siria-y-el-mundo","category-ultimas-noticias"],"_links":{"self":[{"href":"https:\/\/archive.sana.sy\/es\/index.php?rest_route=\/wp\/v2\/posts\/36190"}],"collection":[{"href":"https:\/\/archive.sana.sy\/es\/index.php?rest_route=\/wp\/v2\/posts"}],"about":[{"href":"https:\/\/archive.sana.sy\/es\/index.php?rest_route=\/wp\/v2\/types\/post"}],"author":[{"embeddable":true,"href":"https:\/\/archive.sana.sy\/es\/index.php?rest_route=\/wp\/v2\/users\/24"}],"replies":[{"embeddable":true,"href":"https:\/\/archive.sana.sy\/es\/index.php?rest_route=%2Fwp%2Fv2%2Fcomments&post=36190"}],"version-history":[{"count":0,"href":"https:\/\/archive.sana.sy\/es\/index.php?rest_route=\/wp\/v2\/posts\/36190\/revisions"}],"wp:featuredmedia":[{"embeddable":true,"href":"https:\/\/archive.sana.sy\/es\/index.php?rest_route=\/wp\/v2\/media\/18127"}],"wp:attachment":[{"href":"https:\/\/archive.sana.sy\/es\/index.php?rest_route=%2Fwp%2Fv2%2Fmedia&parent=36190"}],"wp:term":[{"taxonomy":"category","embeddable":true,"href":"https:\/\/archive.sana.sy\/es\/index.php?rest_route=%2Fwp%2Fv2%2Fcategories&post=36190"},{"taxonomy":"post_tag","embeddable":true,"href":"https:\/\/archive.sana.sy\/es\/index.php?rest_route=%2Fwp%2Fv2%2Ftags&post=36190"}],"curies":[{"name":"wp","href":"https:\/\/api.w.org\/{rel}","templated":true}]}}