{"id":36214,"date":"2016-01-08T16:41:03","date_gmt":"2016-01-08T14:41:03","guid":{"rendered":"http:\/\/sana.sy\/es\/?p=36214"},"modified":"2016-01-08T17:13:09","modified_gmt":"2016-01-08T15:13:09","slug":"ejercito-acaba-con-terroristas-de-daesh-y-el-frente-de-al-nousra-en-homs","status":"publish","type":"post","link":"https:\/\/archive.sana.sy\/es\/?p=36214","title":{"rendered":"Ej\u00e9rcito acaba con terroristas de DAESH y el Frente de al-Nousra en Homs y contin\u00faa sus avances en el campo norte\u00f1o de Latakia"},"content":{"rendered":"<p><span style=\"color: #800000\">Provincias, SANA<\/span><\/p>\n<p>Las FFAA realizaron este viernes, nuevos operativos antiterroristas en diferentes partes del pa\u00eds.<\/p>\n<p><span style=\"color: #0000ff\">Homs<\/span><\/p>\n<p>En el centro de Siria, fuentes en el terreno revelaron que una unidad del ej\u00e9rcito en cooperaci\u00f3n con las fuerzas de apoyo chocaron esta ma\u00f1ana con bandas afiliadas a la organizaci\u00f3n terrorista del Estado Isl\u00e1mico en la periferia de la ciudad de al-Qaryatein al sureste de la ciudad de Homs.<\/p>\n<p>Aseguraron que al menos 13 terroristas resultaron muertos o\u00a0heridos a manos de los uniformados sirios durante estos enfrentamientos.<\/p>\n<p>En el campo norte\u00f1o de Homs, unidades castrenses lanzaron esta ma\u00f1ana intensos operativos en los pueblos de Hosh Hayo y al-Saan al-Asuwad, donde infligieron colosales bajas entre las filas de terroristas afiliados al Frente de al-Nousra.<\/p>\n<p><span style=\"color: #0000ff\">Latakia<\/span><\/p>\n<p>En Latakia, las FFAA han continuado sus avances en el campo noreste de la provincia costera, donde retomaron el control de la colina de Kherbet al-Yuba y el punto 1023 despu\u00e9s de haber infligido significativas bajas entre las filas de los terroristas.<\/p>\n<p>&nbsp;<\/p>\n<p>&nbsp;<br \/>\nLynn A.<\/p>\n","protected":false},"excerpt":{"rendered":"<p>Provincias, SANA Las FFAA realizaron este viernes, nuevos operativos antiterroristas en diferentes partes del pa\u00eds. Homs En el centro de Siria, fuentes en el terreno revelaron que una unidad del ej\u00e9rcito en cooperaci\u00f3n con las fuerzas de apoyo chocaron esta ma\u00f1ana con bandas afiliadas a la organizaci\u00f3n terrorista del Estado Isl\u00e1mico en la periferia de &hellip;<\/p>\n","protected":false},"author":24,"featured_media":30074,"comment_status":"closed","ping_status":"closed","sticky":false,"template":"","format":"standard","meta":{"footnotes":""},"categories":[597,573,583],"tags":[],"class_list":["post-36214","post","type-post","status-publish","format-standard","has-post-thumbnail","","category-cinta-de-noticias","category-la-realidad-de-los-acontecimientos-en-siria","category-slide"],"_links":{"self":[{"href":"https:\/\/archive.sana.sy\/es\/index.php?rest_route=\/wp\/v2\/posts\/36214"}],"collection":[{"href":"https:\/\/archive.sana.sy\/es\/index.php?rest_route=\/wp\/v2\/posts"}],"about":[{"href":"https:\/\/archive.sana.sy\/es\/index.php?rest_route=\/wp\/v2\/types\/post"}],"author":[{"embeddable":true,"href":"https:\/\/archive.sana.sy\/es\/index.php?rest_route=\/wp\/v2\/users\/24"}],"replies":[{"embeddable":true,"href":"https:\/\/archive.sana.sy\/es\/index.php?rest_route=%2Fwp%2Fv2%2Fcomments&post=36214"}],"version-history":[{"count":0,"href":"https:\/\/archive.sana.sy\/es\/index.php?rest_route=\/wp\/v2\/posts\/36214\/revisions"}],"wp:featuredmedia":[{"embeddable":true,"href":"https:\/\/archive.sana.sy\/es\/index.php?rest_route=\/wp\/v2\/media\/30074"}],"wp:attachment":[{"href":"https:\/\/archive.sana.sy\/es\/index.php?rest_route=%2Fwp%2Fv2%2Fmedia&parent=36214"}],"wp:term":[{"taxonomy":"category","embeddable":true,"href":"https:\/\/archive.sana.sy\/es\/index.php?rest_route=%2Fwp%2Fv2%2Fcategories&post=36214"},{"taxonomy":"post_tag","embeddable":true,"href":"https:\/\/archive.sana.sy\/es\/index.php?rest_route=%2Fwp%2Fv2%2Ftags&post=36214"}],"curies":[{"name":"wp","href":"https:\/\/api.w.org\/{rel}","templated":true}]}}