{"id":36216,"date":"2016-01-08T15:58:51","date_gmt":"2016-01-08T13:58:51","guid":{"rendered":"http:\/\/sana.sy\/es\/?p=36216"},"modified":"2016-01-08T16:02:46","modified_gmt":"2016-01-08T14:02:46","slug":"presidente-ruso-y-el-primer-ministro-italiano-debaten-esfuerzos-internacionales-antiterroristas","status":"publish","type":"post","link":"https:\/\/archive.sana.sy\/es\/?p=36216","title":{"rendered":"Putin y Primer Ministro italiano debaten esfuerzos internacionales antiterroristas"},"content":{"rendered":"<p><span style=\"color: #800000\">Mosc\u00fa, SANA<\/span><\/p>\n<p>El presidente ruso Vladimir Putin examin\u00f3 con el primer ministro italiano, Matteo Renzi la coordinaci\u00f3n de los esfuerzos internacionales antiterroristas, as\u00ed como el tema del arreglo pol\u00edtico en Siria.<\/p>\n<p>Un comunicado emitido este viernes por el Kremlin inform\u00f3 que Putin y Renzi concedieron un inter\u00e9s especial al asunto de la soluci\u00f3n de la crisis en Siria, y a la situaci\u00f3n de las relaciones actuales entre Arabia Saudita e Ir\u00e1n.<\/p>\n<p>As\u00ed como destacaron la importancia de coordinar los esfuerzos internacionales en materia de la lucha contra el terrorismo, agreg\u00f3 el comunicado.<\/p>\n<p>&nbsp;<\/p>\n<p>&nbsp;<\/p>\n<p>Lynn A.<\/p>\n","protected":false},"excerpt":{"rendered":"<p>Mosc\u00fa, SANA El presidente ruso Vladimir Putin examin\u00f3 con el primer ministro italiano, Matteo Renzi la coordinaci\u00f3n de los esfuerzos internacionales antiterroristas, as\u00ed como el tema del arreglo pol\u00edtico en Siria. Un comunicado emitido este viernes por el Kremlin inform\u00f3 que Putin y Renzi concedieron un inter\u00e9s especial al asunto de la soluci\u00f3n de la &hellip;<\/p>\n","protected":false},"author":24,"featured_media":36217,"comment_status":"closed","ping_status":"closed","sticky":false,"template":"","format":"standard","meta":{"footnotes":""},"categories":[597,456,457,7541],"tags":[],"class_list":["post-36216","post","type-post","status-publish","format-standard","has-post-thumbnail","","category-cinta-de-noticias","category-arabe-internacional-politica","category-noticias-arabe-internacional-politica","category-ultimas-noticias"],"_links":{"self":[{"href":"https:\/\/archive.sana.sy\/es\/index.php?rest_route=\/wp\/v2\/posts\/36216"}],"collection":[{"href":"https:\/\/archive.sana.sy\/es\/index.php?rest_route=\/wp\/v2\/posts"}],"about":[{"href":"https:\/\/archive.sana.sy\/es\/index.php?rest_route=\/wp\/v2\/types\/post"}],"author":[{"embeddable":true,"href":"https:\/\/archive.sana.sy\/es\/index.php?rest_route=\/wp\/v2\/users\/24"}],"replies":[{"embeddable":true,"href":"https:\/\/archive.sana.sy\/es\/index.php?rest_route=%2Fwp%2Fv2%2Fcomments&post=36216"}],"version-history":[{"count":0,"href":"https:\/\/archive.sana.sy\/es\/index.php?rest_route=\/wp\/v2\/posts\/36216\/revisions"}],"wp:featuredmedia":[{"embeddable":true,"href":"https:\/\/archive.sana.sy\/es\/index.php?rest_route=\/wp\/v2\/media\/36217"}],"wp:attachment":[{"href":"https:\/\/archive.sana.sy\/es\/index.php?rest_route=%2Fwp%2Fv2%2Fmedia&parent=36216"}],"wp:term":[{"taxonomy":"category","embeddable":true,"href":"https:\/\/archive.sana.sy\/es\/index.php?rest_route=%2Fwp%2Fv2%2Fcategories&post=36216"},{"taxonomy":"post_tag","embeddable":true,"href":"https:\/\/archive.sana.sy\/es\/index.php?rest_route=%2Fwp%2Fv2%2Ftags&post=36216"}],"curies":[{"name":"wp","href":"https:\/\/api.w.org\/{rel}","templated":true}]}}