{"id":36220,"date":"2016-01-08T16:18:46","date_gmt":"2016-01-08T14:18:46","guid":{"rendered":"http:\/\/sana.sy\/es\/?p=36220"},"modified":"2016-01-08T16:18:46","modified_gmt":"2016-01-08T14:18:46","slug":"makhlouf-gobernacion-de-damasco-campo-rehabilitara-ciudades-industriales-destruidas-por-los-terroristas","status":"publish","type":"post","link":"https:\/\/archive.sana.sy\/es\/?p=36220","title":{"rendered":"Makhlouf: Gobernaci\u00f3n de Damasco-campo rehabilitar\u00e1 ciudades industriales destruidas por los terroristas"},"content":{"rendered":"<p><span style=\"color: #800000\">Damasco, SANA<\/span><\/p>\n<p>El gobernador de Damasco-campo, Hossein Makhlouf asegur\u00f3 que la Gobernaci\u00f3n pretende rehabilitar la infraestructura de todas las zonas industriales recuperadas por el ej\u00e9rcito sirio, especialmente los sitios donde\u00a0las f\u00e1bricas y las instalaciones industriales y de artesan\u00eda, a fin de\u00a0resucitar la producci\u00f3n y por lo tanto la econom\u00eda nacional.<\/p>\n<p>Durante una gira efectuada en la ciudad industrial de Fadloun en la zona de al-Sbineh en Damasco-campo, el Gobernador lament\u00f3 la gran destrucci\u00f3n que sufri\u00f3 esta ciudad considerada una de las m\u00e1s grandes ciudades\u00a0industriales, a manos de los terroristas.<\/p>\n<p>Asimismo dirigi\u00f3 un llamado a los industrialistas y fabricantes para reanudar la producci\u00f3n, asegur\u00e1ndolas\u00a0que la Gobernaci\u00f3n de Damasco-campo har\u00e1 todo lo posible para restablecer\u00a0todos los servicios en la ciudad industrial.<\/p>\n<p>&nbsp;<br \/>\nLynn A.<\/p>\n","protected":false},"excerpt":{"rendered":"<p>Damasco, SANA El gobernador de Damasco-campo, Hossein Makhlouf asegur\u00f3 que la Gobernaci\u00f3n pretende rehabilitar la infraestructura de todas las zonas industriales recuperadas por el ej\u00e9rcito sirio, especialmente los sitios donde\u00a0las f\u00e1bricas y las instalaciones industriales y de artesan\u00eda, a fin de\u00a0resucitar la producci\u00f3n y por lo tanto la econom\u00eda nacional. Durante una gira efectuada en &hellip;<\/p>\n","protected":false},"author":24,"featured_media":36221,"comment_status":"closed","ping_status":"closed","sticky":false,"template":"","format":"standard","meta":{"footnotes":""},"categories":[477,476,7541],"tags":[],"class_list":["post-36220","post","type-post","status-publish","format-standard","has-post-thumbnail","","category-noticias-edulcorantes","category-locales","category-ultimas-noticias"],"_links":{"self":[{"href":"https:\/\/archive.sana.sy\/es\/index.php?rest_route=\/wp\/v2\/posts\/36220"}],"collection":[{"href":"https:\/\/archive.sana.sy\/es\/index.php?rest_route=\/wp\/v2\/posts"}],"about":[{"href":"https:\/\/archive.sana.sy\/es\/index.php?rest_route=\/wp\/v2\/types\/post"}],"author":[{"embeddable":true,"href":"https:\/\/archive.sana.sy\/es\/index.php?rest_route=\/wp\/v2\/users\/24"}],"replies":[{"embeddable":true,"href":"https:\/\/archive.sana.sy\/es\/index.php?rest_route=%2Fwp%2Fv2%2Fcomments&post=36220"}],"version-history":[{"count":0,"href":"https:\/\/archive.sana.sy\/es\/index.php?rest_route=\/wp\/v2\/posts\/36220\/revisions"}],"wp:featuredmedia":[{"embeddable":true,"href":"https:\/\/archive.sana.sy\/es\/index.php?rest_route=\/wp\/v2\/media\/36221"}],"wp:attachment":[{"href":"https:\/\/archive.sana.sy\/es\/index.php?rest_route=%2Fwp%2Fv2%2Fmedia&parent=36220"}],"wp:term":[{"taxonomy":"category","embeddable":true,"href":"https:\/\/archive.sana.sy\/es\/index.php?rest_route=%2Fwp%2Fv2%2Fcategories&post=36220"},{"taxonomy":"post_tag","embeddable":true,"href":"https:\/\/archive.sana.sy\/es\/index.php?rest_route=%2Fwp%2Fv2%2Ftags&post=36220"}],"curies":[{"name":"wp","href":"https:\/\/api.w.org\/{rel}","templated":true}]}}