{"id":36227,"date":"2016-01-09T20:54:02","date_gmt":"2016-01-09T18:54:02","guid":{"rendered":"http:\/\/sana.sy\/es\/?p=36227"},"modified":"2023-01-10T14:35:26","modified_gmt":"2023-01-10T12:35:26","slug":"al-moallem-se-reune-con-de-mistura-en-damasco","status":"publish","type":"post","link":"https:\/\/archive.sana.sy\/es\/?p=36227","title":{"rendered":"Al-Moallem confirma a De Mistura participaci\u00f3n de Damasco en las reuniones de Ginebra"},"content":{"rendered":"<p><span style=\"color: #800000\">Damasco, SANA<\/span><\/p>\n<p>El canciller sirio, Walid al-Moallem se reuni\u00f3 este s\u00e1bado con el enviado especial de la ONU para Siria, Staffan de Mistura.<\/p>\n<p>El Viceprimer Ministro y Ministro de Exteriores y Expatriados, Walid al Moallem, recibi\u00f3 este s\u00e1bado al Enviado Especial del Secretario General de las Naciones Unidas a Siria, Staffan de Mistura, y la delegaci\u00f3n que lo acompa\u00f1a.<\/p>\n<p>De Mistura hizo una panor\u00e1mica sobre los esfuerzos encaminados a conseguir una soluci\u00f3n pol\u00edtica a la crisis en Siria, el seguimiento de las conversaciones de Viena, las recientes resoluciones del Consejo de Seguridad en este sentido y los gestos que se llevan a cabo para celebrar una ronda de conversaciones entre el gobierno sirio y la oposici\u00f3n a finales de este mes de enero.<\/p>\n<p>Por su parte, el canciller al Moallem hizo hincapi\u00e9 en la importancia de respetar las resoluciones del Consejo de Seguridad, en particular aquellas relativas a la lucha contra el terrorismo.<\/p>\n<p>Asimismo, reafirm\u00f3 que el \u00e9xito de los esfuerzos para alcanzar una soluci\u00f3n pol\u00edtica y de las recientes resoluciones del Consejo de Seguridad en este sentido depende de la credibilidad de los esfuerzos de la lucha contra el terrorismo que requieren obligar a los estados que apoyan el terrorismo a dejar de hacerlo.<\/p>\n<p>El jefe de la diplomacia siria reiter\u00f3 la posici\u00f3n siria que consiste en seguir cooperando con el Enviado Especial del Secretario General de las Naciones Unidas en sus esfuerzos encaminados para combatir el terrorismo y promover el di\u00e1logo entre los sirios.<\/p>\n<p>Agreg\u00f3 que Siria est\u00e1 dispuesta a participar en las reuniones de Ginebra en la fecha propuesta, enfatizando la necesidad de tener en mano una lista de las organizaciones terroristas y una lista de los nombres de las oposiciones sirias que participar\u00e1n en Ginebra.<\/p>\n<p>La reuni\u00f3n cont\u00f3 con la presencia del Dr. Ayman Susan, Asistente del Ministro de Exteriores, y Ahmad Arnus, asesor del canciller, Tambi\u00e9n asisti\u00f3 el Coordinador Residente de las Naciones Unidas en Damasco, Jacob Hilu.<\/p>\n<p>El enviado de las Naciones Unidas sobre Siria, Staffan de Mistura, lleg\u00f3 el viernes a Damasco como parte de una gira regional para examinar la reuni\u00f3n inter siria prevista su celebraci\u00f3n en Ginebra a finales de este mes.<\/p>\n<p>Seg\u00fan anunci\u00f3 Farhan Haq, el portavoz de las Naciones Unidas, de Mistura visitar\u00e1 a Ir\u00e1n el pr\u00f3ximo domingo para mantener conversaciones con los funcionarios iran\u00edes sobre el encuentro inter sirio.<\/p>\n<p>&nbsp;<\/p>\n<p>&nbsp;<\/p>\n<p>Fady M., Lynn A.<\/p>\n","protected":false},"excerpt":{"rendered":"<p>Damasco, SANA El canciller sirio, Walid al-Moallem se reuni\u00f3 este s\u00e1bado con el enviado especial de la ONU para Siria, Staffan de Mistura. El Viceprimer Ministro y Ministro de Exteriores y Expatriados, Walid al Moallem, recibi\u00f3 este s\u00e1bado al Enviado Especial del Secretario General de las Naciones Unidas a Siria, Staffan de Mistura, y la &hellip;<\/p>\n","protected":false},"author":24,"featured_media":36228,"comment_status":"closed","ping_status":"closed","sticky":false,"template":"","format":"standard","meta":{"footnotes":""},"categories":[477,447,476,583,7541],"tags":[],"class_list":["post-36227","post","type-post","status-publish","format-standard","has-post-thumbnail","","category-noticias-edulcorantes","category-local-politica","category-locales","category-slide","category-ultimas-noticias"],"_links":{"self":[{"href":"https:\/\/archive.sana.sy\/es\/index.php?rest_route=\/wp\/v2\/posts\/36227"}],"collection":[{"href":"https:\/\/archive.sana.sy\/es\/index.php?rest_route=\/wp\/v2\/posts"}],"about":[{"href":"https:\/\/archive.sana.sy\/es\/index.php?rest_route=\/wp\/v2\/types\/post"}],"author":[{"embeddable":true,"href":"https:\/\/archive.sana.sy\/es\/index.php?rest_route=\/wp\/v2\/users\/24"}],"replies":[{"embeddable":true,"href":"https:\/\/archive.sana.sy\/es\/index.php?rest_route=%2Fwp%2Fv2%2Fcomments&post=36227"}],"version-history":[{"count":0,"href":"https:\/\/archive.sana.sy\/es\/index.php?rest_route=\/wp\/v2\/posts\/36227\/revisions"}],"wp:featuredmedia":[{"embeddable":true,"href":"https:\/\/archive.sana.sy\/es\/index.php?rest_route=\/wp\/v2\/media\/36228"}],"wp:attachment":[{"href":"https:\/\/archive.sana.sy\/es\/index.php?rest_route=%2Fwp%2Fv2%2Fmedia&parent=36227"}],"wp:term":[{"taxonomy":"category","embeddable":true,"href":"https:\/\/archive.sana.sy\/es\/index.php?rest_route=%2Fwp%2Fv2%2Fcategories&post=36227"},{"taxonomy":"post_tag","embeddable":true,"href":"https:\/\/archive.sana.sy\/es\/index.php?rest_route=%2Fwp%2Fv2%2Ftags&post=36227"}],"curies":[{"name":"wp","href":"https:\/\/api.w.org\/{rel}","templated":true}]}}