{"id":36230,"date":"2016-01-09T10:00:45","date_gmt":"2016-01-09T08:00:45","guid":{"rendered":"http:\/\/sana.sy\/es\/?p=36230"},"modified":"2016-01-09T17:36:12","modified_gmt":"2016-01-09T15:36:12","slug":"maduro-convoca-a-jornada-para-honrar-la-memoria-de-bolivar-y-chavez","status":"publish","type":"post","link":"https:\/\/archive.sana.sy\/es\/?p=36230","title":{"rendered":"Maduro convoca a jornada para honrar la memoria de Bol\u00edvar y Ch\u00e1vez"},"content":{"rendered":"<p><span style=\"color: #800000\">Caracas, SANA<\/span><\/p>\n<p>El presidente de Venezuela, Nicol\u00e1s Maduro, convoc\u00f3 a una jornada permanente de denuncia y desagravio, para honrar la memoria del Libertador Sim\u00f3n Bol\u00edvar y del l\u00edder de la Revoluci\u00f3n bolivariana Hugo Ch\u00e1vez, cuyos retratos fueron retirados del nuevo Parlamento, con mayor\u00eda opositora al Gobierno.<\/p>\n<p>En un acto central para condenar el ultraje cometido por el titular de la Asamblea Nacional, Henry Ramos Allup, de Acci\u00f3n Democr\u00e1tica, el jefe de Estado revel\u00f3 los nexos hist\u00f3ricos del diputado derechista con la embajada de Estados Unidos y sus planes para apoderarse del pa\u00eds.<\/p>\n<p>En la ceremonia el jefe de Estado encabez\u00f3 un juramento a defender por siempre los ideales y la memoria de Bol\u00edvar y Ch\u00e1vez, lo que tambi\u00e9n sella el compromiso con la uni\u00f3n c\u00edvico-militar.<\/p>\n<p>Actos similares de desagravio para las figuras de El Libertador Sim\u00f3n Bol\u00edvar y el l\u00edder de la Revoluci\u00f3n Bolivariana Hugo Ch\u00e1vez, se realizaron en los 23 Estados de Venezuela y el Distrito capital..<\/p>\n<p>El mandatario consider\u00f3 que la oposici\u00f3n quiere llevar el pa\u00eds a una confrontaci\u00f3n al alimentar de odio el esp\u00edritu nacional, lo que, a su juicio, tiene como objetivo una intervenci\u00f3n internacional por parte de una coalici\u00f3n encabezada por Estados Unidos.<\/p>\n<p>&nbsp;<\/p>\n<p>&nbsp;<\/p>\n<p>Fady M., Lynn A.<\/p>\n","protected":false},"excerpt":{"rendered":"<p>Caracas, SANA El presidente de Venezuela, Nicol\u00e1s Maduro, convoc\u00f3 a una jornada permanente de denuncia y desagravio, para honrar la memoria del Libertador Sim\u00f3n Bol\u00edvar y del l\u00edder de la Revoluci\u00f3n bolivariana Hugo Ch\u00e1vez, cuyos retratos fueron retirados del nuevo Parlamento, con mayor\u00eda opositora al Gobierno. En un acto central para condenar el ultraje cometido &hellip;<\/p>\n","protected":false},"author":24,"featured_media":33661,"comment_status":"closed","ping_status":"closed","sticky":false,"template":"","format":"standard","meta":{"footnotes":""},"categories":[456,457,7541],"tags":[],"class_list":["post-36230","post","type-post","status-publish","format-standard","has-post-thumbnail","","category-arabe-internacional-politica","category-noticias-arabe-internacional-politica","category-ultimas-noticias"],"_links":{"self":[{"href":"https:\/\/archive.sana.sy\/es\/index.php?rest_route=\/wp\/v2\/posts\/36230"}],"collection":[{"href":"https:\/\/archive.sana.sy\/es\/index.php?rest_route=\/wp\/v2\/posts"}],"about":[{"href":"https:\/\/archive.sana.sy\/es\/index.php?rest_route=\/wp\/v2\/types\/post"}],"author":[{"embeddable":true,"href":"https:\/\/archive.sana.sy\/es\/index.php?rest_route=\/wp\/v2\/users\/24"}],"replies":[{"embeddable":true,"href":"https:\/\/archive.sana.sy\/es\/index.php?rest_route=%2Fwp%2Fv2%2Fcomments&post=36230"}],"version-history":[{"count":0,"href":"https:\/\/archive.sana.sy\/es\/index.php?rest_route=\/wp\/v2\/posts\/36230\/revisions"}],"wp:featuredmedia":[{"embeddable":true,"href":"https:\/\/archive.sana.sy\/es\/index.php?rest_route=\/wp\/v2\/media\/33661"}],"wp:attachment":[{"href":"https:\/\/archive.sana.sy\/es\/index.php?rest_route=%2Fwp%2Fv2%2Fmedia&parent=36230"}],"wp:term":[{"taxonomy":"category","embeddable":true,"href":"https:\/\/archive.sana.sy\/es\/index.php?rest_route=%2Fwp%2Fv2%2Fcategories&post=36230"},{"taxonomy":"post_tag","embeddable":true,"href":"https:\/\/archive.sana.sy\/es\/index.php?rest_route=%2Fwp%2Fv2%2Ftags&post=36230"}],"curies":[{"name":"wp","href":"https:\/\/api.w.org\/{rel}","templated":true}]}}