{"id":36234,"date":"2016-01-09T13:33:06","date_gmt":"2016-01-09T11:33:06","guid":{"rendered":"http:\/\/sana.sy\/es\/?p=36234"},"modified":"2016-01-09T14:13:45","modified_gmt":"2016-01-09T12:13:45","slug":"zarif-riad-debe-elegir-entre-apoyo-a-extremistas-y-estabilidad-regional","status":"publish","type":"post","link":"https:\/\/archive.sana.sy\/es\/?p=36234","title":{"rendered":"Zarif: Riad debe elegir entre apoyo a extremistas y estabilidad regional"},"content":{"rendered":"<p><span style=\"color: #800000\">Teher\u00e1n, SANA<\/span><\/p>\n<p>El canciller de Ir\u00e1n, Mohamad Yavad Zarif, advirti\u00f3 sobre la continuaci\u00f3n de las pol\u00edticas hostiles de Arabia Saud\u00ed en la regi\u00f3n de Oriente Medio.<\/p>\n<p>El ministro iran\u00ed de Asuntos Exteriores manifest\u00f3 que &#8220;Arabia Saud\u00ed debe hacer una elecci\u00f3n crucial, entre continuar apoyando a los extremistas y alimentar el odio sectario u optar por relaciones de buena vecindad y jugar un papel constructivo en favor de la estabilidad regional&#8221;.<\/p>\n<p>En una carta dirigida al secretario general de la Organizaci\u00f3n de las Naciones Unidas (ONU), Ban Ki-moon, sobre la reciente escalada de tensiones entre Teher\u00e1n y Riad, el jefe de la Diplomacia iran\u00ed denunci\u00f3 el apoyo \u201ca los terroristas y takfir\u00edes en Siria\u201d y el \u201cmaltrato a los peregrinos iran\u00edes\u201d por parte del r\u00e9gimen saud\u00ed, que tambi\u00e9n lleva a cabo en Yemen \u201cuna campa\u00f1a necia que golpea a la poblaci\u00f3n\u201d civil.<\/p>\n<p>Asimismo, record\u00f3 las numerosas quejas que la Rep\u00fablica Isl\u00e1mica de Ir\u00e1n tiene sobre el comportamiento err\u00f3neo de Riad hacia Teher\u00e1n, y en este sentido, se refiri\u00f3 a \u201clos bombardeos saud\u00edes que afectaron las instalaciones diplom\u00e1ticas iran\u00edes en Yemen\u201d en abril y en septiembre de 2015 y la m\u00e1s reciente este 7 de enero.<\/p>\n<p>&nbsp;<\/p>\n<p>Fady M., Lynn A.<\/p>\n","protected":false},"excerpt":{"rendered":"<p>Teher\u00e1n, SANA El canciller de Ir\u00e1n, Mohamad Yavad Zarif, advirti\u00f3 sobre la continuaci\u00f3n de las pol\u00edticas hostiles de Arabia Saud\u00ed en la regi\u00f3n de Oriente Medio. El ministro iran\u00ed de Asuntos Exteriores manifest\u00f3 que &#8220;Arabia Saud\u00ed debe hacer una elecci\u00f3n crucial, entre continuar apoyando a los extremistas y alimentar el odio sectario u optar por &hellip;<\/p>\n","protected":false},"author":24,"featured_media":35273,"comment_status":"closed","ping_status":"closed","sticky":false,"template":"","format":"standard","meta":{"footnotes":""},"categories":[597,456,457,7541],"tags":[],"class_list":["post-36234","post","type-post","status-publish","format-standard","has-post-thumbnail","","category-cinta-de-noticias","category-arabe-internacional-politica","category-noticias-arabe-internacional-politica","category-ultimas-noticias"],"_links":{"self":[{"href":"https:\/\/archive.sana.sy\/es\/index.php?rest_route=\/wp\/v2\/posts\/36234"}],"collection":[{"href":"https:\/\/archive.sana.sy\/es\/index.php?rest_route=\/wp\/v2\/posts"}],"about":[{"href":"https:\/\/archive.sana.sy\/es\/index.php?rest_route=\/wp\/v2\/types\/post"}],"author":[{"embeddable":true,"href":"https:\/\/archive.sana.sy\/es\/index.php?rest_route=\/wp\/v2\/users\/24"}],"replies":[{"embeddable":true,"href":"https:\/\/archive.sana.sy\/es\/index.php?rest_route=%2Fwp%2Fv2%2Fcomments&post=36234"}],"version-history":[{"count":0,"href":"https:\/\/archive.sana.sy\/es\/index.php?rest_route=\/wp\/v2\/posts\/36234\/revisions"}],"wp:featuredmedia":[{"embeddable":true,"href":"https:\/\/archive.sana.sy\/es\/index.php?rest_route=\/wp\/v2\/media\/35273"}],"wp:attachment":[{"href":"https:\/\/archive.sana.sy\/es\/index.php?rest_route=%2Fwp%2Fv2%2Fmedia&parent=36234"}],"wp:term":[{"taxonomy":"category","embeddable":true,"href":"https:\/\/archive.sana.sy\/es\/index.php?rest_route=%2Fwp%2Fv2%2Fcategories&post=36234"},{"taxonomy":"post_tag","embeddable":true,"href":"https:\/\/archive.sana.sy\/es\/index.php?rest_route=%2Fwp%2Fv2%2Ftags&post=36234"}],"curies":[{"name":"wp","href":"https:\/\/api.w.org\/{rel}","templated":true}]}}