{"id":36240,"date":"2016-01-09T10:00:18","date_gmt":"2016-01-09T08:00:18","guid":{"rendered":"http:\/\/sana.sy\/es\/?p=36240"},"modified":"2016-01-09T13:58:06","modified_gmt":"2016-01-09T11:58:06","slug":"cubanos-celebran-aniversario-de-la-entrada-de-fidel-a-la-habana","status":"publish","type":"post","link":"https:\/\/archive.sana.sy\/es\/?p=36240","title":{"rendered":"Cubanos celebran aniversario de la entrada de Fidel a La Habana"},"content":{"rendered":"<p><span style=\"color: #800000\">La Habana, SANA<\/span><\/p>\n<p>Ciudadanos cubanos evocaron la entrada del comandante de la Revoluci\u00f3n cubana, Fidel Castro, a la capital La Habana en 1959.<br \/>\nAl cumplirse 57 a\u00f1os de ese acontecimiento hist\u00f3rico, las autoridades cubanas, como es tradicional, organizaron el recorrido simb\u00f3lico en el que participaron j\u00f3venes estudiantes y trabajadores de diferentes sectores.<\/p>\n<p>El Comandante en Jefe Fidel Castro arrib\u00f3 a La Habana el d\u00eda 8 de enero de 1959 encima de tanques y otros equipos blindados que se le ocuparon al derrocado Ej\u00e9rcito del dictador Fulgencio Batista.<\/p>\n<p>Era acompa\u00f1ado por mil combatientes rebeldes, incluidos los integrantes de la Columna Uno Jos\u00e9 Mart\u00ed de la Sierra Maestra.<\/p>\n<p>Al dirigirse al pueblo, el jefe de la Revoluci\u00f3n expres\u00f3 &#8220;este es un momento decisivo de nuestra historia. La tiran\u00eda ha sido derrocada.<\/p>\n<p>Fady M., Lynn A.<\/p>\n","protected":false},"excerpt":{"rendered":"<p>La Habana, SANA Ciudadanos cubanos evocaron la entrada del comandante de la Revoluci\u00f3n cubana, Fidel Castro, a la capital La Habana en 1959. Al cumplirse 57 a\u00f1os de ese acontecimiento hist\u00f3rico, las autoridades cubanas, como es tradicional, organizaron el recorrido simb\u00f3lico en el que participaron j\u00f3venes estudiantes y trabajadores de diferentes sectores. El Comandante en &hellip;<\/p>\n","protected":false},"author":24,"featured_media":26959,"comment_status":"closed","ping_status":"closed","sticky":false,"template":"","format":"standard","meta":{"footnotes":""},"categories":[456,457],"tags":[],"class_list":["post-36240","post","type-post","status-publish","format-standard","has-post-thumbnail","","category-arabe-internacional-politica","category-noticias-arabe-internacional-politica"],"_links":{"self":[{"href":"https:\/\/archive.sana.sy\/es\/index.php?rest_route=\/wp\/v2\/posts\/36240"}],"collection":[{"href":"https:\/\/archive.sana.sy\/es\/index.php?rest_route=\/wp\/v2\/posts"}],"about":[{"href":"https:\/\/archive.sana.sy\/es\/index.php?rest_route=\/wp\/v2\/types\/post"}],"author":[{"embeddable":true,"href":"https:\/\/archive.sana.sy\/es\/index.php?rest_route=\/wp\/v2\/users\/24"}],"replies":[{"embeddable":true,"href":"https:\/\/archive.sana.sy\/es\/index.php?rest_route=%2Fwp%2Fv2%2Fcomments&post=36240"}],"version-history":[{"count":0,"href":"https:\/\/archive.sana.sy\/es\/index.php?rest_route=\/wp\/v2\/posts\/36240\/revisions"}],"wp:featuredmedia":[{"embeddable":true,"href":"https:\/\/archive.sana.sy\/es\/index.php?rest_route=\/wp\/v2\/media\/26959"}],"wp:attachment":[{"href":"https:\/\/archive.sana.sy\/es\/index.php?rest_route=%2Fwp%2Fv2%2Fmedia&parent=36240"}],"wp:term":[{"taxonomy":"category","embeddable":true,"href":"https:\/\/archive.sana.sy\/es\/index.php?rest_route=%2Fwp%2Fv2%2Fcategories&post=36240"},{"taxonomy":"post_tag","embeddable":true,"href":"https:\/\/archive.sana.sy\/es\/index.php?rest_route=%2Fwp%2Fv2%2Ftags&post=36240"}],"curies":[{"name":"wp","href":"https:\/\/api.w.org\/{rel}","templated":true}]}}