{"id":36242,"date":"2016-01-09T10:00:41","date_gmt":"2016-01-09T08:00:41","guid":{"rendered":"http:\/\/sana.sy\/es\/?p=36242"},"modified":"2016-01-09T13:59:30","modified_gmt":"2016-01-09T11:59:30","slug":"consejo-de-seguridad-condena-reciente-ataque-terrorista-en-libia","status":"publish","type":"post","link":"https:\/\/archive.sana.sy\/es\/?p=36242","title":{"rendered":"Consejo de Seguridad condena reciente ataque terrorista en Libia"},"content":{"rendered":"<p><span style=\"color: #800000\">Nueva York, SANA<\/span><\/p>\n<p>El Consejo de Seguridad de la ONU conden\u00f3 el viernes en los t\u00e9rminos m\u00e1s fuertes, el ataque terrorista que dej\u00f3 decenas de muertos en la ciudad costera de Zliten, en el norte de Libia.<\/p>\n<p>En una declaraci\u00f3n, el Consejo expres\u00f3 sus condolencias a los familiares de las m\u00e1s de 60 v\u00edctimas mortales por el atentado contra un centro de entrenamiento policial, y deseos de pronta recuperaci\u00f3n a los alrededor de 200 heridos.<br \/>\nAsimismo, abog\u00f3 por el procesamiento penal de los responsables del ataque.<\/p>\n<p>Tambi\u00e9n rechaz\u00f3 recientes atentados en instalaciones petroleras del pa\u00eds norafricano.<\/p>\n<p>Seg\u00fan el Consejo, todos los libios deber\u00edan unirse para combatir la amenazada de grupos terroristas como el Estado Isl\u00e1mico, los cuales sacan provecho de la crisis pol\u00edtica y de seguridad imperante.<\/p>\n<p>Fady M., Lynn A.<\/p>\n","protected":false},"excerpt":{"rendered":"<p>Nueva York, SANA El Consejo de Seguridad de la ONU conden\u00f3 el viernes en los t\u00e9rminos m\u00e1s fuertes, el ataque terrorista que dej\u00f3 decenas de muertos en la ciudad costera de Zliten, en el norte de Libia. En una declaraci\u00f3n, el Consejo expres\u00f3 sus condolencias a los familiares de las m\u00e1s de 60 v\u00edctimas mortales &hellip;<\/p>\n","protected":false},"author":24,"featured_media":21110,"comment_status":"closed","ping_status":"closed","sticky":false,"template":"","format":"standard","meta":{"footnotes":""},"categories":[456,457],"tags":[],"class_list":["post-36242","post","type-post","status-publish","format-standard","has-post-thumbnail","","category-arabe-internacional-politica","category-noticias-arabe-internacional-politica"],"_links":{"self":[{"href":"https:\/\/archive.sana.sy\/es\/index.php?rest_route=\/wp\/v2\/posts\/36242"}],"collection":[{"href":"https:\/\/archive.sana.sy\/es\/index.php?rest_route=\/wp\/v2\/posts"}],"about":[{"href":"https:\/\/archive.sana.sy\/es\/index.php?rest_route=\/wp\/v2\/types\/post"}],"author":[{"embeddable":true,"href":"https:\/\/archive.sana.sy\/es\/index.php?rest_route=\/wp\/v2\/users\/24"}],"replies":[{"embeddable":true,"href":"https:\/\/archive.sana.sy\/es\/index.php?rest_route=%2Fwp%2Fv2%2Fcomments&post=36242"}],"version-history":[{"count":0,"href":"https:\/\/archive.sana.sy\/es\/index.php?rest_route=\/wp\/v2\/posts\/36242\/revisions"}],"wp:featuredmedia":[{"embeddable":true,"href":"https:\/\/archive.sana.sy\/es\/index.php?rest_route=\/wp\/v2\/media\/21110"}],"wp:attachment":[{"href":"https:\/\/archive.sana.sy\/es\/index.php?rest_route=%2Fwp%2Fv2%2Fmedia&parent=36242"}],"wp:term":[{"taxonomy":"category","embeddable":true,"href":"https:\/\/archive.sana.sy\/es\/index.php?rest_route=%2Fwp%2Fv2%2Fcategories&post=36242"},{"taxonomy":"post_tag","embeddable":true,"href":"https:\/\/archive.sana.sy\/es\/index.php?rest_route=%2Fwp%2Fv2%2Ftags&post=36242"}],"curies":[{"name":"wp","href":"https:\/\/api.w.org\/{rel}","templated":true}]}}