{"id":3626,"date":"2014-06-26T23:23:53","date_gmt":"2014-06-26T20:23:53","guid":{"rendered":"http:\/\/www.sana.sy\/es\/?p=3626"},"modified":"2014-06-26T23:23:53","modified_gmt":"2014-06-26T20:23:53","slug":"ministerio-de-awqaf-eiil-tiene-como-objetivo-distorsionar-la-religion-destruir-paises-y-derramar-la-sangre-de-los-pueblos","status":"publish","type":"post","link":"https:\/\/archive.sana.sy\/es\/?p=3626","title":{"rendered":"Ministerio de Awqaf: EIIL tiene como objetivo distorsionar la religi\u00f3n, destruir pa\u00edses y derramar la sangre de los pueblos"},"content":{"rendered":"<p><strong><span>Damasco-SANA<\/span> El Ministerio de Awqaf (Dotaciones Religiosas) subray\u00f3 el jueves que el llamado &#8220;Estado Isl\u00e1mico en Irak y el Levante&#8221; y todas las organizaciones terroristas takfiries est\u00e1n tratando de enga\u00f1ar a muchos j\u00f3venes con su ideolog\u00eda extremista, bajo el nombre de la religi\u00f3n y otros conceptos sectarias as\u00ed como est\u00e1n tratando de establecer su &#8220;estado isl\u00e1mico&#8221;, mientras que en realidad est\u00e1n tratando de distorsionar la religi\u00f3n, destruir pa\u00edses y derramar la sangre de los pueblos.<\/strong><\/p>\n<p><strong>En un comunicado, el ministerio dijo que lo que ocurre en Irak es una continuaci\u00f3n del plan takfiri en la regi\u00f3n, agregando que todos los grupos extremistas takfiries se han disuadido de los verdaderos significativos de los versos del Sagrado Cor\u00e1n para justificar sus posturas y acciones sangrientas.&#8221;<\/strong><\/p>\n<p><strong>El comunicado agreg\u00f3 que la informaci\u00f3n difundida por los medios de comunicaci\u00f3n hostiles acerca de lo que est\u00e1 sucediendo en Irak y presentar los hechos como si fuese una revoluci\u00f3n dirigida por determinadas personas en un \u00e1rea espec\u00edfica no son m\u00e1s que informaciones sesgados y tienen por objetivo dividir a Irak.<\/strong><\/p>\n<p><strong>El ministerio destac\u00f3 que lo que est\u00e1 sucediendo en Irak confirma la &#8220;vinculaci\u00f3n org\u00e1nica&#8221; entre las victorias del Ej\u00e9rcito \u00c1rabe Siria contra los terroristas en Siria y los intentos de levantar la moral de los terroristas.<\/strong><\/p>\n<p><span style=\"color: #0000ff\"><strong>Yamil K.<\/strong><\/span><\/p>\n","protected":false},"excerpt":{"rendered":"<p>Damasco-SANA El Ministerio de Awqaf (Dotaciones Religiosas) subray\u00f3 el jueves que el llamado &#8220;Estado Isl\u00e1mico en Irak y el Levante&#8221; y todas las organizaciones terroristas takfiries est\u00e1n tratando de enga\u00f1ar a muchos j\u00f3venes con su ideolog\u00eda extremista, bajo el nombre de la religi\u00f3n y otros conceptos sectarias as\u00ed como est\u00e1n tratando de establecer su &#8220;estado &hellip;<\/p>\n","protected":false},"author":1,"featured_media":3627,"comment_status":"closed","ping_status":"closed","sticky":false,"template":"","format":"standard","meta":{"footnotes":""},"categories":[476],"tags":[],"class_list":["post-3626","post","type-post","status-publish","format-standard","has-post-thumbnail","","category-locales"],"_links":{"self":[{"href":"https:\/\/archive.sana.sy\/es\/index.php?rest_route=\/wp\/v2\/posts\/3626"}],"collection":[{"href":"https:\/\/archive.sana.sy\/es\/index.php?rest_route=\/wp\/v2\/posts"}],"about":[{"href":"https:\/\/archive.sana.sy\/es\/index.php?rest_route=\/wp\/v2\/types\/post"}],"author":[{"embeddable":true,"href":"https:\/\/archive.sana.sy\/es\/index.php?rest_route=\/wp\/v2\/users\/1"}],"replies":[{"embeddable":true,"href":"https:\/\/archive.sana.sy\/es\/index.php?rest_route=%2Fwp%2Fv2%2Fcomments&post=3626"}],"version-history":[{"count":0,"href":"https:\/\/archive.sana.sy\/es\/index.php?rest_route=\/wp\/v2\/posts\/3626\/revisions"}],"wp:featuredmedia":[{"embeddable":true,"href":"https:\/\/archive.sana.sy\/es\/index.php?rest_route=\/wp\/v2\/media\/3627"}],"wp:attachment":[{"href":"https:\/\/archive.sana.sy\/es\/index.php?rest_route=%2Fwp%2Fv2%2Fmedia&parent=3626"}],"wp:term":[{"taxonomy":"category","embeddable":true,"href":"https:\/\/archive.sana.sy\/es\/index.php?rest_route=%2Fwp%2Fv2%2Fcategories&post=3626"},{"taxonomy":"post_tag","embeddable":true,"href":"https:\/\/archive.sana.sy\/es\/index.php?rest_route=%2Fwp%2Fv2%2Ftags&post=3626"}],"curies":[{"name":"wp","href":"https:\/\/api.w.org\/{rel}","templated":true}]}}