{"id":36267,"date":"2016-01-10T13:20:43","date_gmt":"2016-01-10T11:20:43","guid":{"rendered":"http:\/\/www.sana.sy\/es\/?p=36267"},"modified":"2016-01-10T13:20:43","modified_gmt":"2016-01-10T11:20:43","slug":"autoridades-interceptan-vehiculo-cargado-de-municiones-en-la-carretera-de-tartous-safita","status":"publish","type":"post","link":"https:\/\/archive.sana.sy\/es\/?p=36267","title":{"rendered":"Autoridades interceptan veh\u00edculo cargado de municiones en la carretera de Tartous-Safita"},"content":{"rendered":"<p><span style=\"color: #800000\">Tartous, SANA<\/span><\/p>\n<p>Las autoridades correspondientes interceptaron ayer un veh\u00edculo cargado de municiones y granada en el pueblo de Kherbet al-Maazeh en la carretera de Tartous\/Safita, seg\u00fan inform\u00f3 una fuente en la Gobernaci\u00f3n de Trartous.<\/p>\n<p>El referido veh\u00edculo se dirig\u00eda de Tartous hacia Hama, a\u00f1adi\u00f3 la fuente.<\/p>\n<p>Cabe recordar que el 11 del pasado mes de agosto, las patrullas de las aduanas de Tartous se incautaron de un veh\u00edculo que cargaba diferentes tipos de municiones en el pueblo de Zok Barakat en el campo de Safita, el cual iba tambi\u00e9n con rumbo a Hama.<\/p>\n<p>&nbsp;<\/p>\n<p>&nbsp;<\/p>\n<p>Lynn A.<\/p>\n","protected":false},"excerpt":{"rendered":"<p>Tartous, SANA Las autoridades correspondientes interceptaron ayer un veh\u00edculo cargado de municiones y granada en el pueblo de Kherbet al-Maazeh en la carretera de Tartous\/Safita, seg\u00fan inform\u00f3 una fuente en la Gobernaci\u00f3n de Trartous. El referido veh\u00edculo se dirig\u00eda de Tartous hacia Hama, a\u00f1adi\u00f3 la fuente. Cabe recordar que el 11 del pasado mes de &hellip;<\/p>\n","protected":false},"author":24,"featured_media":36268,"comment_status":"closed","ping_status":"closed","sticky":false,"template":"","format":"standard","meta":{"footnotes":""},"categories":[597,573,7541],"tags":[],"class_list":["post-36267","post","type-post","status-publish","format-standard","has-post-thumbnail","","category-cinta-de-noticias","category-la-realidad-de-los-acontecimientos-en-siria","category-ultimas-noticias"],"_links":{"self":[{"href":"https:\/\/archive.sana.sy\/es\/index.php?rest_route=\/wp\/v2\/posts\/36267"}],"collection":[{"href":"https:\/\/archive.sana.sy\/es\/index.php?rest_route=\/wp\/v2\/posts"}],"about":[{"href":"https:\/\/archive.sana.sy\/es\/index.php?rest_route=\/wp\/v2\/types\/post"}],"author":[{"embeddable":true,"href":"https:\/\/archive.sana.sy\/es\/index.php?rest_route=\/wp\/v2\/users\/24"}],"replies":[{"embeddable":true,"href":"https:\/\/archive.sana.sy\/es\/index.php?rest_route=%2Fwp%2Fv2%2Fcomments&post=36267"}],"version-history":[{"count":0,"href":"https:\/\/archive.sana.sy\/es\/index.php?rest_route=\/wp\/v2\/posts\/36267\/revisions"}],"wp:featuredmedia":[{"embeddable":true,"href":"https:\/\/archive.sana.sy\/es\/index.php?rest_route=\/wp\/v2\/media\/36268"}],"wp:attachment":[{"href":"https:\/\/archive.sana.sy\/es\/index.php?rest_route=%2Fwp%2Fv2%2Fmedia&parent=36267"}],"wp:term":[{"taxonomy":"category","embeddable":true,"href":"https:\/\/archive.sana.sy\/es\/index.php?rest_route=%2Fwp%2Fv2%2Fcategories&post=36267"},{"taxonomy":"post_tag","embeddable":true,"href":"https:\/\/archive.sana.sy\/es\/index.php?rest_route=%2Fwp%2Fv2%2Ftags&post=36267"}],"curies":[{"name":"wp","href":"https:\/\/api.w.org\/{rel}","templated":true}]}}