{"id":36295,"date":"2016-01-10T16:32:30","date_gmt":"2016-01-10T14:32:30","guid":{"rendered":"http:\/\/sana.sy\/es\/?p=36295"},"modified":"2016-01-10T16:33:42","modified_gmt":"2016-01-10T14:33:42","slug":"zarif-iran-no-permitira-que-los-enfoques-saudies-afecten-la-solucion-politica-en-siria","status":"publish","type":"post","link":"https:\/\/archive.sana.sy\/es\/?p=36295","title":{"rendered":"Zarif: Ir\u00e1n no permitir\u00e1 que los enfoques saud\u00edes afecten la soluci\u00f3n pol\u00edtica en Siria"},"content":{"rendered":"<p><span style=\"color: #800000\">Teher\u00e1n, SANA<\/span><\/p>\n<p>Canciller iran\u00ed, Mohamad Yawad Zarif recibi\u00f3 este domingo al enviado especial de la ONU para Siria, Staffan de Mistura.<\/p>\n<p>El jefe de la diplomacia iran\u00ed asegur\u00f3 que Ir\u00e1n no permitir\u00e1 que las tendencias saud\u00edes que generan la tensi\u00f3n en la regi\u00f3n afecten la soluci\u00f3n pol\u00edtica de la crisis que sufre Siria.<\/p>\n<p>&#8220;No permitiremos que los enfoques saud\u00edes tengan un impacto negativo en la resoluci\u00f3n de la crisis siria&#8221;, dijo Zarif a De Mistura.<\/p>\n<p>&nbsp;<\/p>\n<p>&nbsp;<\/p>\n<p>Lynn A.<\/p>\n","protected":false},"excerpt":{"rendered":"<p>Teher\u00e1n, SANA Canciller iran\u00ed, Mohamad Yawad Zarif recibi\u00f3 este domingo al enviado especial de la ONU para Siria, Staffan de Mistura. El jefe de la diplomacia iran\u00ed asegur\u00f3 que Ir\u00e1n no permitir\u00e1 que las tendencias saud\u00edes que generan la tensi\u00f3n en la regi\u00f3n afecten la soluci\u00f3n pol\u00edtica de la crisis que sufre Siria. &#8220;No permitiremos &hellip;<\/p>\n","protected":false},"author":24,"featured_media":18766,"comment_status":"closed","ping_status":"closed","sticky":false,"template":"","format":"standard","meta":{"footnotes":""},"categories":[597,467,7541],"tags":[],"class_list":["post-36295","post","type-post","status-publish","format-standard","has-post-thumbnail","","category-cinta-de-noticias","category-siria-y-el-mundo","category-ultimas-noticias"],"_links":{"self":[{"href":"https:\/\/archive.sana.sy\/es\/index.php?rest_route=\/wp\/v2\/posts\/36295"}],"collection":[{"href":"https:\/\/archive.sana.sy\/es\/index.php?rest_route=\/wp\/v2\/posts"}],"about":[{"href":"https:\/\/archive.sana.sy\/es\/index.php?rest_route=\/wp\/v2\/types\/post"}],"author":[{"embeddable":true,"href":"https:\/\/archive.sana.sy\/es\/index.php?rest_route=\/wp\/v2\/users\/24"}],"replies":[{"embeddable":true,"href":"https:\/\/archive.sana.sy\/es\/index.php?rest_route=%2Fwp%2Fv2%2Fcomments&post=36295"}],"version-history":[{"count":0,"href":"https:\/\/archive.sana.sy\/es\/index.php?rest_route=\/wp\/v2\/posts\/36295\/revisions"}],"wp:featuredmedia":[{"embeddable":true,"href":"https:\/\/archive.sana.sy\/es\/index.php?rest_route=\/wp\/v2\/media\/18766"}],"wp:attachment":[{"href":"https:\/\/archive.sana.sy\/es\/index.php?rest_route=%2Fwp%2Fv2%2Fmedia&parent=36295"}],"wp:term":[{"taxonomy":"category","embeddable":true,"href":"https:\/\/archive.sana.sy\/es\/index.php?rest_route=%2Fwp%2Fv2%2Fcategories&post=36295"},{"taxonomy":"post_tag","embeddable":true,"href":"https:\/\/archive.sana.sy\/es\/index.php?rest_route=%2Fwp%2Fv2%2Ftags&post=36295"}],"curies":[{"name":"wp","href":"https:\/\/api.w.org\/{rel}","templated":true}]}}