{"id":362997,"date":"2025-08-18T22:06:46","date_gmt":"2025-08-18T19:06:46","guid":{"rendered":"https:\/\/sana.sy\/es\/?p=362997"},"modified":"2025-08-19T06:53:01","modified_gmt":"2025-08-19T03:53:01","slug":"siria-documenta-63-fosas-comunes-y-lanza-plan-nacional-sobre-personas-desaparecidas","status":"publish","type":"post","link":"https:\/\/archive.sana.sy\/es\/?p=362997","title":{"rendered":"Siria documenta 63 fosas comunes y lanza plan nacional sobre personas desaparecidas"},"content":{"rendered":"<p style=\"text-align: justify;\"><span style=\"color: #800000;\"><strong>Damasco, 18 ago (SANA)\u00a0<\/strong><\/span> El director de la Comisi\u00f3n Nacional para las Personas Desaparecidas, Mohammad Rida Jalkhi, confirm\u00f3 que hasta la fecha se han documentado 63 fosas comunes en Siria y que el n\u00famero de personas desaparecidas se estima entre 120.000 y 300.000.<\/p>\n<p style=\"text-align: justify;\">\u201cEl mandato de la Comisi\u00f3n abarca desde 1970 hasta la actualidad\u201d, indic\u00f3.<\/p>\n<p style=\"text-align: justify;\">Jalkhi destac\u00f3 que el trabajo de la Comisi\u00f3n constituye \u201cla piedra angular de la justicia transicional y la paz civil\u201d en Siria, y detall\u00f3 que se desarrolla bajo un plan de seis etapas, con una duraci\u00f3n estimada de tres a seis meses. Este plan contempla la realizaci\u00f3n de consultas nacionales, la elaboraci\u00f3n del marco legal, la selecci\u00f3n del personal, la adopci\u00f3n de una estructura definitiva, la definici\u00f3n de estrategias y la publicaci\u00f3n de un primer informe p\u00fablico.<\/p>\n<p style=\"text-align: justify;\">La Comisi\u00f3n trabaja bajo principios de transparencia, inclusi\u00f3n, participaci\u00f3n e independencia. Para ello, ha establecido una estructura provisional que incluye un consejo asesor y otro ejecutivo, as\u00ed como protocolos para la protecci\u00f3n de testigos, la gesti\u00f3n segura de datos y el desarrollo de alianzas nacionales e internacionales.<\/p>\n<p style=\"text-align: justify;\">Actualmente, la Comisi\u00f3n se encuentra en la segunda y tercera fases del plan, en coordinaci\u00f3n con el Sindicato de Abogados y expertos internacionales. Paralelamente, se prepara la organizaci\u00f3n de una conferencia nacional ampliada para debatir los derechos y necesidades de las familias de los desaparecidos.<\/p>\n<p style=\"text-align: justify;\">Asimismo, se est\u00e1 desarrollando una plataforma digital nacional para crear un banco de datos sobre personas desaparecidas, apoyada por equipos de campo que recopilar\u00e1n informaci\u00f3n en las diferentes gobernaciones.<\/p>\n<p style=\"text-align: justify;\">Tambi\u00e9n se trabaja en el lanzamiento de una &#8220;tarjeta de apoyo&#8221; destinada a brindar asistencia legal, psicol\u00f3gica y social a las familias afectadas.<\/p>\n<p style=\"text-align: justify;\">Las labores de la Comisi\u00f3n se centran en dos ejes principales: documentaci\u00f3n y apoyo. Entre sus acciones, destaca la recolecci\u00f3n de datos gen\u00e9ticos (ADN) y huellas dactilares, en colaboraci\u00f3n con los laboratorios del Ministerio de Salud y la Comisi\u00f3n de Energ\u00eda At\u00f3mica.<\/p>\n<p style=\"text-align: justify;\">Adem\u00e1s, se han obtenido becas para capacitar a personal sirio en Europa y se impulsan programas para traer formadores internacionales al pa\u00eds.<\/p>\n<p style=\"text-align: justify;\">Jalkhi subray\u00f3 que el proceso ha sido enriquecido por experiencias internacionales similares y que se han firmado protocolos de cooperaci\u00f3n con instituciones globales, siempre bajo el principio de que este proceso debe ser liderado exclusivamente por los sirios, en respeto a la soberan\u00eda nacional.<\/p>\n<p style=\"text-align: justify;\">Concluy\u00f3 afirmando que la causa de las personas desaparecidas es una de las m\u00e1s complejas y dolorosas del pa\u00eds, pero que el derecho a la verdad y a la justicia son fundamentales para lograr una paz sostenible. El trabajo de la Comisi\u00f3n representa un primer paso hacia el esclarecimiento del paradero de todas las personas desaparecidas, la reparaci\u00f3n para sus familias y la preservaci\u00f3n de la memoria nacional.<\/p>\n","protected":false},"excerpt":{"rendered":"<p>Damasco, 18 ago (SANA)\u00a0 El director de la Comisi\u00f3n Nacional para las Personas Desaparecidas, Mohammad Rida Jalkhi, confirm\u00f3 que hasta la fecha se han documentado 63 fosas comunes en Siria y que el n\u00famero de personas desaparecidas se estima entre 120.000 y 300.000. \u201cEl mandato de la Comisi\u00f3n abarca desde 1970 hasta la actualidad\u201d, indic\u00f3. &hellip;<\/p>\n","protected":false},"author":31,"featured_media":362998,"comment_status":"closed","ping_status":"closed","sticky":false,"template":"","format":"standard","meta":{"footnotes":""},"categories":[477,597,20724,476,583],"tags":[],"class_list":["post-362997","post","type-post","status-publish","format-standard","has-post-thumbnail","","category-noticias-edulcorantes","category-cinta-de-noticias","category-minuto-a-minuto","category-locales","category-slide"],"_links":{"self":[{"href":"https:\/\/archive.sana.sy\/es\/index.php?rest_route=\/wp\/v2\/posts\/362997"}],"collection":[{"href":"https:\/\/archive.sana.sy\/es\/index.php?rest_route=\/wp\/v2\/posts"}],"about":[{"href":"https:\/\/archive.sana.sy\/es\/index.php?rest_route=\/wp\/v2\/types\/post"}],"author":[{"embeddable":true,"href":"https:\/\/archive.sana.sy\/es\/index.php?rest_route=\/wp\/v2\/users\/31"}],"replies":[{"embeddable":true,"href":"https:\/\/archive.sana.sy\/es\/index.php?rest_route=%2Fwp%2Fv2%2Fcomments&post=362997"}],"version-history":[{"count":1,"href":"https:\/\/archive.sana.sy\/es\/index.php?rest_route=\/wp\/v2\/posts\/362997\/revisions"}],"predecessor-version":[{"id":362999,"href":"https:\/\/archive.sana.sy\/es\/index.php?rest_route=\/wp\/v2\/posts\/362997\/revisions\/362999"}],"wp:featuredmedia":[{"embeddable":true,"href":"https:\/\/archive.sana.sy\/es\/index.php?rest_route=\/wp\/v2\/media\/362998"}],"wp:attachment":[{"href":"https:\/\/archive.sana.sy\/es\/index.php?rest_route=%2Fwp%2Fv2%2Fmedia&parent=362997"}],"wp:term":[{"taxonomy":"category","embeddable":true,"href":"https:\/\/archive.sana.sy\/es\/index.php?rest_route=%2Fwp%2Fv2%2Fcategories&post=362997"},{"taxonomy":"post_tag","embeddable":true,"href":"https:\/\/archive.sana.sy\/es\/index.php?rest_route=%2Fwp%2Fv2%2Ftags&post=362997"}],"curies":[{"name":"wp","href":"https:\/\/api.w.org\/{rel}","templated":true}]}}