{"id":363006,"date":"2025-08-19T09:52:53","date_gmt":"2025-08-19T06:52:53","guid":{"rendered":"https:\/\/sana.sy\/es\/?p=363006"},"modified":"2025-08-19T09:52:53","modified_gmt":"2025-08-19T06:52:53","slug":"la-educacion-sera-una-prioridad-absoluta-en-el-proximo-presupuesto-de-siria","status":"publish","type":"post","link":"https:\/\/archive.sana.sy\/es\/?p=363006","title":{"rendered":"La educaci\u00f3n ser\u00e1 una prioridad absoluta en el pr\u00f3ximo presupuesto de Siria"},"content":{"rendered":"<p style=\"text-align: justify;\"><span style=\"color: #800000;\">Damasco, 19 ago (SANA)<\/span> El ministro de Finanzas sirio, Mohammad Yusr Barnieh, anunci\u00f3 que el sector educativo ser\u00e1 una prioridad fundamental en el pr\u00f3ximo presupuesto de Siria.<\/p>\n<p style=\"text-align: justify;\">En una publicaci\u00f3n en LinkedIn, Barnieh se refiri\u00f3 a su participaci\u00f3n en la ceremonia de lanzamiento de la iniciativa nacional &#8220;Devu\u00e9lvanme mi escuela&#8221;, organizada por el Ministerio de Educaci\u00f3n, y explic\u00f3 que la iniciativa busca aunar esfuerzos del Estado sirio, la sociedad civil, el sector empresarial y las organizaciones regionales e internacionales para colaborar en respuesta al llamado &#8220;Devu\u00e9lvanme mi escuela&#8221;.<\/p>\n<p style=\"text-align: justify;\">Barnieh se\u00f1al\u00f3 que hay m\u00e1s de 7200 escuelas que necesitan rehabilitaci\u00f3n y reparaci\u00f3n, y que aproximadamente 2,4 millones de ni\u00f1os no asisten a la escuela. Destac\u00f3 la gran importancia que el Estado sirio otorga a los sectores de la salud y la educaci\u00f3n.<\/p>\n<p style=\"text-align: justify;\">El titular explic\u00f3 que el nuevo sistema tributario incluye exenciones para el sector empresarial destinadas a la responsabilidad social, siendo el sector educativo un eje central.<\/p>\n<p style=\"text-align: justify;\">Se\u00f1al\u00f3 que pr\u00f3ximamente se lanzar\u00e1n otras iniciativas para mejorar la calidad de la educaci\u00f3n, en especial la educaci\u00f3n t\u00e9cnica y las escuelas inteligentes.<\/p>\n<p style=\"text-align: justify;\">El Ministro de Finanzas explic\u00f3 que el futuro de Siria est\u00e1 ligado a la educaci\u00f3n, el avance de la educaci\u00f3n tecnol\u00f3gica y la mejora de todo el sistema educativo, incluyendo el medio ambiente, la infraestructura, los planes de estudio y las tecnolog\u00edas educativas modernas.<\/p>\n","protected":false},"excerpt":{"rendered":"<p>Damasco, 19 ago (SANA) El ministro de Finanzas sirio, Mohammad Yusr Barnieh, anunci\u00f3 que el sector educativo ser\u00e1 una prioridad fundamental en el pr\u00f3ximo presupuesto de Siria. En una publicaci\u00f3n en LinkedIn, Barnieh se refiri\u00f3 a su participaci\u00f3n en la ceremonia de lanzamiento de la iniciativa nacional &#8220;Devu\u00e9lvanme mi escuela&#8221;, organizada por el Ministerio de &hellip;<\/p>\n","protected":false},"author":32,"featured_media":363007,"comment_status":"closed","ping_status":"closed","sticky":false,"template":"","format":"standard","meta":{"footnotes":""},"categories":[597,16686,483,476,7541],"tags":[],"class_list":["post-363006","post","type-post","status-publish","format-standard","has-post-thumbnail","","category-cinta-de-noticias","category-economia","category-negocios-y-finanzas","category-locales","category-ultimas-noticias"],"_links":{"self":[{"href":"https:\/\/archive.sana.sy\/es\/index.php?rest_route=\/wp\/v2\/posts\/363006"}],"collection":[{"href":"https:\/\/archive.sana.sy\/es\/index.php?rest_route=\/wp\/v2\/posts"}],"about":[{"href":"https:\/\/archive.sana.sy\/es\/index.php?rest_route=\/wp\/v2\/types\/post"}],"author":[{"embeddable":true,"href":"https:\/\/archive.sana.sy\/es\/index.php?rest_route=\/wp\/v2\/users\/32"}],"replies":[{"embeddable":true,"href":"https:\/\/archive.sana.sy\/es\/index.php?rest_route=%2Fwp%2Fv2%2Fcomments&post=363006"}],"version-history":[{"count":1,"href":"https:\/\/archive.sana.sy\/es\/index.php?rest_route=\/wp\/v2\/posts\/363006\/revisions"}],"predecessor-version":[{"id":363008,"href":"https:\/\/archive.sana.sy\/es\/index.php?rest_route=\/wp\/v2\/posts\/363006\/revisions\/363008"}],"wp:featuredmedia":[{"embeddable":true,"href":"https:\/\/archive.sana.sy\/es\/index.php?rest_route=\/wp\/v2\/media\/363007"}],"wp:attachment":[{"href":"https:\/\/archive.sana.sy\/es\/index.php?rest_route=%2Fwp%2Fv2%2Fmedia&parent=363006"}],"wp:term":[{"taxonomy":"category","embeddable":true,"href":"https:\/\/archive.sana.sy\/es\/index.php?rest_route=%2Fwp%2Fv2%2Fcategories&post=363006"},{"taxonomy":"post_tag","embeddable":true,"href":"https:\/\/archive.sana.sy\/es\/index.php?rest_route=%2Fwp%2Fv2%2Ftags&post=363006"}],"curies":[{"name":"wp","href":"https:\/\/api.w.org\/{rel}","templated":true}]}}