{"id":363018,"date":"2025-08-19T11:47:59","date_gmt":"2025-08-19T08:47:59","guid":{"rendered":"https:\/\/sana.sy\/es\/?p=363018"},"modified":"2025-08-19T11:47:59","modified_gmt":"2025-08-19T08:47:59","slug":"ministro-de-salud-supervisa-servicios-medicos-en-el-hospital-ibn-al-nafis-fotos","status":"publish","type":"post","link":"https:\/\/archive.sana.sy\/es\/?p=363018","title":{"rendered":"Ministro de Salud supervisa servicios m\u00e9dicos en el Hospital Ibn Al-Nafis (+ fotos)"},"content":{"rendered":"<p style=\"text-align: justify;\"><span style=\"color: #800000;\">Damasco, 19 ago (SANA)<\/span> El ministro de Salud, Musab Al-Ali, realiz\u00f3 una visita de inspecci\u00f3n al Departamento de Emergencia y Cl\u00ednicas del hospital Ibn Al-Nafis en Damasco.<\/p>\n<p style=\"text-align: justify;\">El Ministro supervis\u00f3 de cerca la calidad de los servicios m\u00e9dicos ofrecidos a los ciudadanos.<\/p>\n<div id='gallery-1' class='gallery galleryid-363018 gallery-columns-1 gallery-size-full'><figure class='gallery-item'>\n\t\t\t<div class='gallery-icon landscape'>\n\t\t\t\t<a href='https:\/\/archive.sana.sy\/es\/wp-content\/uploads\/2025\/08\/\u0648\u0632\u064a\u0631-\u0627\u0644\u0635\u062d\u0629.jpg'><img loading=\"lazy\" decoding=\"async\" width=\"660\" height=\"370\" src=\"https:\/\/archive.sana.sy\/es\/wp-content\/uploads\/2025\/08\/\u0648\u0632\u064a\u0631-\u0627\u0644\u0635\u062d\u0629.jpg\" class=\"attachment-full size-full\" alt=\"\" srcset=\"https:\/\/archive.sana.sy\/es\/wp-content\/uploads\/2025\/08\/\u0648\u0632\u064a\u0631-\u0627\u0644\u0635\u062d\u0629.jpg 660w, https:\/\/archive.sana.sy\/es\/wp-content\/uploads\/2025\/08\/\u0648\u0632\u064a\u0631-\u0627\u0644\u0635\u062d\u0629-300x168.jpg 300w, https:\/\/archive.sana.sy\/es\/wp-content\/uploads\/2025\/08\/\u0648\u0632\u064a\u0631-\u0627\u0644\u0635\u062d\u0629-150x84.jpg 150w\" sizes=\"(max-width: 660px) 100vw, 660px\" \/><\/a>\n\t\t\t<\/div><\/figure><figure class='gallery-item'>\n\t\t\t<div class='gallery-icon landscape'>\n\t\t\t\t<a href='https:\/\/archive.sana.sy\/es\/wp-content\/uploads\/2025\/08\/\u064a\u062a\u0641\u0642\u062f.jpg'><img loading=\"lazy\" decoding=\"async\" width=\"660\" height=\"370\" src=\"https:\/\/archive.sana.sy\/es\/wp-content\/uploads\/2025\/08\/\u064a\u062a\u0641\u0642\u062f.jpg\" class=\"attachment-full size-full\" alt=\"\" srcset=\"https:\/\/archive.sana.sy\/es\/wp-content\/uploads\/2025\/08\/\u064a\u062a\u0641\u0642\u062f.jpg 660w, https:\/\/archive.sana.sy\/es\/wp-content\/uploads\/2025\/08\/\u064a\u062a\u0641\u0642\u062f-300x168.jpg 300w, https:\/\/archive.sana.sy\/es\/wp-content\/uploads\/2025\/08\/\u064a\u062a\u0641\u0642\u062f-150x84.jpg 150w\" sizes=\"(max-width: 660px) 100vw, 660px\" \/><\/a>\n\t\t\t<\/div><\/figure><figure class='gallery-item'>\n\t\t\t<div class='gallery-icon landscape'>\n\t\t\t\t<a href='https:\/\/archive.sana.sy\/es\/wp-content\/uploads\/2025\/08\/\u0627\u0644\u0635\u062d\u0629-660x330-1.jpg'><img loading=\"lazy\" decoding=\"async\" width=\"660\" height=\"330\" src=\"https:\/\/archive.sana.sy\/es\/wp-content\/uploads\/2025\/08\/\u0627\u0644\u0635\u062d\u0629-660x330-1.jpg\" class=\"attachment-full size-full\" alt=\"\" srcset=\"https:\/\/archive.sana.sy\/es\/wp-content\/uploads\/2025\/08\/\u0627\u0644\u0635\u062d\u0629-660x330-1.jpg 660w, https:\/\/archive.sana.sy\/es\/wp-content\/uploads\/2025\/08\/\u0627\u0644\u0635\u062d\u0629-660x330-1-300x150.jpg 300w, https:\/\/archive.sana.sy\/es\/wp-content\/uploads\/2025\/08\/\u0627\u0644\u0635\u062d\u0629-660x330-1-150x75.jpg 150w\" sizes=\"(max-width: 660px) 100vw, 660px\" \/><\/a>\n\t\t\t<\/div><\/figure>\n\t\t<\/div>\n\n","protected":false},"excerpt":{"rendered":"<p>Damasco, 19 ago (SANA) El ministro de Salud, Musab Al-Ali, realiz\u00f3 una visita de inspecci\u00f3n al Departamento de Emergencia y Cl\u00ednicas del hospital Ibn Al-Nafis en Damasco. El Ministro supervis\u00f3 de cerca la calidad de los servicios m\u00e9dicos ofrecidos a los ciudadanos.<\/p>\n","protected":false},"author":32,"featured_media":363019,"comment_status":"closed","ping_status":"closed","sticky":false,"template":"","format":"standard","meta":{"footnotes":""},"categories":[477,447,597,20724,7541],"tags":[],"class_list":["post-363018","post","type-post","status-publish","format-standard","has-post-thumbnail","","category-noticias-edulcorantes","category-local-politica","category-cinta-de-noticias","category-minuto-a-minuto","category-ultimas-noticias"],"_links":{"self":[{"href":"https:\/\/archive.sana.sy\/es\/index.php?rest_route=\/wp\/v2\/posts\/363018"}],"collection":[{"href":"https:\/\/archive.sana.sy\/es\/index.php?rest_route=\/wp\/v2\/posts"}],"about":[{"href":"https:\/\/archive.sana.sy\/es\/index.php?rest_route=\/wp\/v2\/types\/post"}],"author":[{"embeddable":true,"href":"https:\/\/archive.sana.sy\/es\/index.php?rest_route=\/wp\/v2\/users\/32"}],"replies":[{"embeddable":true,"href":"https:\/\/archive.sana.sy\/es\/index.php?rest_route=%2Fwp%2Fv2%2Fcomments&post=363018"}],"version-history":[{"count":1,"href":"https:\/\/archive.sana.sy\/es\/index.php?rest_route=\/wp\/v2\/posts\/363018\/revisions"}],"predecessor-version":[{"id":363022,"href":"https:\/\/archive.sana.sy\/es\/index.php?rest_route=\/wp\/v2\/posts\/363018\/revisions\/363022"}],"wp:featuredmedia":[{"embeddable":true,"href":"https:\/\/archive.sana.sy\/es\/index.php?rest_route=\/wp\/v2\/media\/363019"}],"wp:attachment":[{"href":"https:\/\/archive.sana.sy\/es\/index.php?rest_route=%2Fwp%2Fv2%2Fmedia&parent=363018"}],"wp:term":[{"taxonomy":"category","embeddable":true,"href":"https:\/\/archive.sana.sy\/es\/index.php?rest_route=%2Fwp%2Fv2%2Fcategories&post=363018"},{"taxonomy":"post_tag","embeddable":true,"href":"https:\/\/archive.sana.sy\/es\/index.php?rest_route=%2Fwp%2Fv2%2Ftags&post=363018"}],"curies":[{"name":"wp","href":"https:\/\/api.w.org\/{rel}","templated":true}]}}