{"id":36302,"date":"2016-01-10T17:41:01","date_gmt":"2016-01-10T15:41:01","guid":{"rendered":"http:\/\/sana.sy\/es\/?p=36302"},"modified":"2016-01-10T18:04:57","modified_gmt":"2016-01-10T16:04:57","slug":"representantes-de-30-canales-arabes-e-internacionales-visitan-pueblos-en-el-campo-sureno-de-alepo","status":"publish","type":"post","link":"https:\/\/archive.sana.sy\/es\/?p=36302","title":{"rendered":"Representantes de 30 canales \u00e1rabes e internacionales visitan pueblos en el campo sure\u00f1o de Alepo"},"content":{"rendered":"<p>Alepo, SANA<\/p>\n<p>Una delegaci\u00f3n medi\u00e1tica visit\u00f3 este domingo la localidad de al-Hader y varios pueblos recuperados por el ej\u00e9rcito sirio en cooperaci\u00f3n de las fuerzas de apoyo en el campo sure\u00f1o de Alepo.<\/p>\n<p>La delegaci\u00f3n que incluye a representantes de 30 medios de comunicaci\u00f3n iraqu\u00edes, turcos, yemen\u00edes, libaneses e iran\u00edes examinaron de cerca la magnitud de la destrucci\u00f3n que sufrieron los pueblos del campo sure\u00f1o de Alepo a manos de las organizaciones terroristas.<\/p>\n<p>Asimismo se reunieron con vecinos de la localidad de al-Hader retornados a sus hogares despu\u00e9s de a\u00f1os de desplazamiento, y escucharon de los mismos el sufrimiento y las matanzas que atestiguaron durante la presencia de los terroristas en su localidad.<\/p>\n<p>Por su parte, mandos militares en el terreno hicieron una panor\u00e1mica sobre los resultados de los operativos militares antiterroristas en el campo sure\u00f1o de Alepo, explicando que el ej\u00e9rcito sirio retom\u00f3 el control de m\u00e1s de 60 pueblos y localidades, recuperando una superficie de 500 km\u00b2.<\/p>\n<p>Riyad Sh.<\/p>\n","protected":false},"excerpt":{"rendered":"<p>Alepo, SANA Una delegaci\u00f3n medi\u00e1tica visit\u00f3 este domingo la localidad de al-Hader y varios pueblos recuperados por el ej\u00e9rcito sirio en cooperaci\u00f3n de las fuerzas de apoyo en el campo sure\u00f1o de Alepo. La delegaci\u00f3n que incluye a representantes de 30 medios de comunicaci\u00f3n iraqu\u00edes, turcos, yemen\u00edes, libaneses e iran\u00edes examinaron de cerca la magnitud &hellip;<\/p>\n","protected":false},"author":1,"featured_media":36303,"comment_status":"closed","ping_status":"closed","sticky":false,"template":"","format":"standard","meta":{"footnotes":""},"categories":[456,476,457,576,583,7541],"tags":[],"class_list":["post-36302","post","type-post","status-publish","format-standard","has-post-thumbnail","","category-arabe-internacional-politica","category-locales","category-noticias-arabe-internacional-politica","category-noticias-politicas","category-slide","category-ultimas-noticias"],"_links":{"self":[{"href":"https:\/\/archive.sana.sy\/es\/index.php?rest_route=\/wp\/v2\/posts\/36302"}],"collection":[{"href":"https:\/\/archive.sana.sy\/es\/index.php?rest_route=\/wp\/v2\/posts"}],"about":[{"href":"https:\/\/archive.sana.sy\/es\/index.php?rest_route=\/wp\/v2\/types\/post"}],"author":[{"embeddable":true,"href":"https:\/\/archive.sana.sy\/es\/index.php?rest_route=\/wp\/v2\/users\/1"}],"replies":[{"embeddable":true,"href":"https:\/\/archive.sana.sy\/es\/index.php?rest_route=%2Fwp%2Fv2%2Fcomments&post=36302"}],"version-history":[{"count":0,"href":"https:\/\/archive.sana.sy\/es\/index.php?rest_route=\/wp\/v2\/posts\/36302\/revisions"}],"wp:featuredmedia":[{"embeddable":true,"href":"https:\/\/archive.sana.sy\/es\/index.php?rest_route=\/wp\/v2\/media\/36303"}],"wp:attachment":[{"href":"https:\/\/archive.sana.sy\/es\/index.php?rest_route=%2Fwp%2Fv2%2Fmedia&parent=36302"}],"wp:term":[{"taxonomy":"category","embeddable":true,"href":"https:\/\/archive.sana.sy\/es\/index.php?rest_route=%2Fwp%2Fv2%2Fcategories&post=36302"},{"taxonomy":"post_tag","embeddable":true,"href":"https:\/\/archive.sana.sy\/es\/index.php?rest_route=%2Fwp%2Fv2%2Ftags&post=36302"}],"curies":[{"name":"wp","href":"https:\/\/api.w.org\/{rel}","templated":true}]}}