{"id":363042,"date":"2025-08-19T14:04:02","date_gmt":"2025-08-19T11:04:02","guid":{"rendered":"https:\/\/sana.sy\/es\/?p=363042"},"modified":"2025-08-19T14:06:53","modified_gmt":"2025-08-19T11:06:53","slug":"presidente-sirio-recibe-en-damasco-a-una-delegacion-del-congreso-de-eeuu","status":"publish","type":"post","link":"https:\/\/archive.sana.sy\/es\/?p=363042","title":{"rendered":"Presidente sirio recibe en Damasco a una delegaci\u00f3n del Congreso de EEUU"},"content":{"rendered":"\r\n<p style=\"text-align: justify;\"><mark class=\"has-inline-color has-vivid-red-color\">Damasco, 19 ago (SANA) <\/mark>El presidente sirio Ahmad Al-Shara, recibi\u00f3 en Damasco a una delegaci\u00f3n integrada por miembros de la C\u00e1mara de Representantes y del Senado de los Estados Unidos.<\/p>\r\n<p style=\"text-align: justify;\">\r\n\r\n<\/p>\r\n<p style=\"text-align: justify;\">La reuni\u00f3n se produce en el marco de los esfuerzos por impulsar el di\u00e1logo y la cooperaci\u00f3n entre ambos pa\u00edses.<\/p>\r\n<p style=\"text-align: justify;\">\r\n\r\n<\/p>\r\n<p style=\"text-align: justify;\">En la reuni\u00f3n estuvieron presentes el ministro de Asuntos Exteriores y Expatriados, Asaad Hassan Al-Shaibani, y el ministro del Interior, Anas Khattab.<\/p>\r\n<div id='gallery-1' class='gallery galleryid-363042 gallery-columns-1 gallery-size-full'><figure class='gallery-item'>\n\t\t\t<div class='gallery-icon landscape'>\n\t\t\t\t<a href='https:\/\/archive.sana.sy\/es\/wp-content\/uploads\/2025\/08\/photo_2025-08-19_13-53-42.jpg'><img loading=\"lazy\" decoding=\"async\" width=\"1280\" height=\"720\" src=\"https:\/\/archive.sana.sy\/es\/wp-content\/uploads\/2025\/08\/photo_2025-08-19_13-53-42.jpg\" class=\"attachment-full size-full\" alt=\"\" srcset=\"https:\/\/archive.sana.sy\/es\/wp-content\/uploads\/2025\/08\/photo_2025-08-19_13-53-42.jpg 1280w, https:\/\/archive.sana.sy\/es\/wp-content\/uploads\/2025\/08\/photo_2025-08-19_13-53-42-300x169.jpg 300w, https:\/\/archive.sana.sy\/es\/wp-content\/uploads\/2025\/08\/photo_2025-08-19_13-53-42-1024x576.jpg 1024w, https:\/\/archive.sana.sy\/es\/wp-content\/uploads\/2025\/08\/photo_2025-08-19_13-53-42-150x84.jpg 150w, https:\/\/archive.sana.sy\/es\/wp-content\/uploads\/2025\/08\/photo_2025-08-19_13-53-42-768x432.jpg 768w\" sizes=\"(max-width: 1280px) 100vw, 1280px\" \/><\/a>\n\t\t\t<\/div><\/figure><figure class='gallery-item'>\n\t\t\t<div class='gallery-icon landscape'>\n\t\t\t\t<a href='https:\/\/archive.sana.sy\/es\/wp-content\/uploads\/2025\/08\/photo_2025-08-19_13-53-43-2.jpg'><img loading=\"lazy\" decoding=\"async\" width=\"1280\" height=\"720\" src=\"https:\/\/archive.sana.sy\/es\/wp-content\/uploads\/2025\/08\/photo_2025-08-19_13-53-43-2.jpg\" class=\"attachment-full size-full\" alt=\"\" srcset=\"https:\/\/archive.sana.sy\/es\/wp-content\/uploads\/2025\/08\/photo_2025-08-19_13-53-43-2.jpg 1280w, https:\/\/archive.sana.sy\/es\/wp-content\/uploads\/2025\/08\/photo_2025-08-19_13-53-43-2-300x169.jpg 300w, https:\/\/archive.sana.sy\/es\/wp-content\/uploads\/2025\/08\/photo_2025-08-19_13-53-43-2-1024x576.jpg 1024w, https:\/\/archive.sana.sy\/es\/wp-content\/uploads\/2025\/08\/photo_2025-08-19_13-53-43-2-150x84.jpg 150w, https:\/\/archive.sana.sy\/es\/wp-content\/uploads\/2025\/08\/photo_2025-08-19_13-53-43-2-768x432.jpg 768w\" sizes=\"(max-width: 1280px) 100vw, 1280px\" \/><\/a>\n\t\t\t<\/div><\/figure><figure class='gallery-item'>\n\t\t\t<div class='gallery-icon landscape'>\n\t\t\t\t<a href='https:\/\/archive.sana.sy\/es\/wp-content\/uploads\/2025\/08\/photo_2025-08-19_13-53-42-2.jpg'><img loading=\"lazy\" decoding=\"async\" width=\"1280\" height=\"719\" src=\"https:\/\/archive.sana.sy\/es\/wp-content\/uploads\/2025\/08\/photo_2025-08-19_13-53-42-2.jpg\" class=\"attachment-full size-full\" alt=\"\" srcset=\"https:\/\/archive.sana.sy\/es\/wp-content\/uploads\/2025\/08\/photo_2025-08-19_13-53-42-2.jpg 1280w, https:\/\/archive.sana.sy\/es\/wp-content\/uploads\/2025\/08\/photo_2025-08-19_13-53-42-2-300x169.jpg 300w, https:\/\/archive.sana.sy\/es\/wp-content\/uploads\/2025\/08\/photo_2025-08-19_13-53-42-2-1024x575.jpg 1024w, https:\/\/archive.sana.sy\/es\/wp-content\/uploads\/2025\/08\/photo_2025-08-19_13-53-42-2-150x84.jpg 150w, https:\/\/archive.sana.sy\/es\/wp-content\/uploads\/2025\/08\/photo_2025-08-19_13-53-42-2-768x431.jpg 768w\" sizes=\"(max-width: 1280px) 100vw, 1280px\" \/><\/a>\n\t\t\t<\/div><\/figure><figure class='gallery-item'>\n\t\t\t<div class='gallery-icon landscape'>\n\t\t\t\t<a href='https:\/\/archive.sana.sy\/es\/wp-content\/uploads\/2025\/08\/photo_2025-08-19_13-53-42-3.jpg'><img loading=\"lazy\" decoding=\"async\" width=\"1280\" height=\"720\" src=\"https:\/\/archive.sana.sy\/es\/wp-content\/uploads\/2025\/08\/photo_2025-08-19_13-53-42-3.jpg\" class=\"attachment-full size-full\" alt=\"\" srcset=\"https:\/\/archive.sana.sy\/es\/wp-content\/uploads\/2025\/08\/photo_2025-08-19_13-53-42-3.jpg 1280w, https:\/\/archive.sana.sy\/es\/wp-content\/uploads\/2025\/08\/photo_2025-08-19_13-53-42-3-300x169.jpg 300w, https:\/\/archive.sana.sy\/es\/wp-content\/uploads\/2025\/08\/photo_2025-08-19_13-53-42-3-1024x576.jpg 1024w, https:\/\/archive.sana.sy\/es\/wp-content\/uploads\/2025\/08\/photo_2025-08-19_13-53-42-3-150x84.jpg 150w, https:\/\/archive.sana.sy\/es\/wp-content\/uploads\/2025\/08\/photo_2025-08-19_13-53-42-3-768x432.jpg 768w\" sizes=\"(max-width: 1280px) 100vw, 1280px\" \/><\/a>\n\t\t\t<\/div><\/figure><figure class='gallery-item'>\n\t\t\t<div class='gallery-icon landscape'>\n\t\t\t\t<a href='https:\/\/archive.sana.sy\/es\/wp-content\/uploads\/2025\/08\/photo_2025-08-19_13-53-43.jpg'><img loading=\"lazy\" decoding=\"async\" width=\"1280\" height=\"720\" src=\"https:\/\/archive.sana.sy\/es\/wp-content\/uploads\/2025\/08\/photo_2025-08-19_13-53-43.jpg\" class=\"attachment-full size-full\" alt=\"\" srcset=\"https:\/\/archive.sana.sy\/es\/wp-content\/uploads\/2025\/08\/photo_2025-08-19_13-53-43.jpg 1280w, https:\/\/archive.sana.sy\/es\/wp-content\/uploads\/2025\/08\/photo_2025-08-19_13-53-43-300x169.jpg 300w, https:\/\/archive.sana.sy\/es\/wp-content\/uploads\/2025\/08\/photo_2025-08-19_13-53-43-1024x576.jpg 1024w, https:\/\/archive.sana.sy\/es\/wp-content\/uploads\/2025\/08\/photo_2025-08-19_13-53-43-150x84.jpg 150w, https:\/\/archive.sana.sy\/es\/wp-content\/uploads\/2025\/08\/photo_2025-08-19_13-53-43-768x432.jpg 768w\" sizes=\"(max-width: 1280px) 100vw, 1280px\" \/><\/a>\n\t\t\t<\/div><\/figure>\n\t\t<\/div>\n\r\n","protected":false},"excerpt":{"rendered":"<p>Damasco, 19 ago (SANA) El presidente sirio Ahmad Al-Shara, recibi\u00f3 en Damasco a una delegaci\u00f3n integrada por miembros de la C\u00e1mara de Representantes y del Senado de los Estados Unidos. La reuni\u00f3n se produce en el marco de los esfuerzos por impulsar el di\u00e1logo y la cooperaci\u00f3n entre ambos pa\u00edses. En la reuni\u00f3n estuvieron presentes &hellip;<\/p>\n","protected":false},"author":32,"featured_media":363051,"comment_status":"closed","ping_status":"closed","sticky":false,"template":"","format":"standard","meta":{"footnotes":""},"categories":[597,20724,476,583],"tags":[],"class_list":["post-363042","post","type-post","status-publish","format-standard","has-post-thumbnail","","category-cinta-de-noticias","category-minuto-a-minuto","category-locales","category-slide"],"_links":{"self":[{"href":"https:\/\/archive.sana.sy\/es\/index.php?rest_route=\/wp\/v2\/posts\/363042"}],"collection":[{"href":"https:\/\/archive.sana.sy\/es\/index.php?rest_route=\/wp\/v2\/posts"}],"about":[{"href":"https:\/\/archive.sana.sy\/es\/index.php?rest_route=\/wp\/v2\/types\/post"}],"author":[{"embeddable":true,"href":"https:\/\/archive.sana.sy\/es\/index.php?rest_route=\/wp\/v2\/users\/32"}],"replies":[{"embeddable":true,"href":"https:\/\/archive.sana.sy\/es\/index.php?rest_route=%2Fwp%2Fv2%2Fcomments&post=363042"}],"version-history":[{"count":2,"href":"https:\/\/archive.sana.sy\/es\/index.php?rest_route=\/wp\/v2\/posts\/363042\/revisions"}],"predecessor-version":[{"id":363050,"href":"https:\/\/archive.sana.sy\/es\/index.php?rest_route=\/wp\/v2\/posts\/363042\/revisions\/363050"}],"wp:featuredmedia":[{"embeddable":true,"href":"https:\/\/archive.sana.sy\/es\/index.php?rest_route=\/wp\/v2\/media\/363051"}],"wp:attachment":[{"href":"https:\/\/archive.sana.sy\/es\/index.php?rest_route=%2Fwp%2Fv2%2Fmedia&parent=363042"}],"wp:term":[{"taxonomy":"category","embeddable":true,"href":"https:\/\/archive.sana.sy\/es\/index.php?rest_route=%2Fwp%2Fv2%2Fcategories&post=363042"},{"taxonomy":"post_tag","embeddable":true,"href":"https:\/\/archive.sana.sy\/es\/index.php?rest_route=%2Fwp%2Fv2%2Ftags&post=363042"}],"curies":[{"name":"wp","href":"https:\/\/api.w.org\/{rel}","templated":true}]}}