{"id":36319,"date":"2016-01-11T13:03:18","date_gmt":"2016-01-11T11:03:18","guid":{"rendered":"http:\/\/sana.sy\/es\/?p=36319"},"modified":"2016-01-11T19:48:35","modified_gmt":"2016-01-11T17:48:35","slug":"canciller-al-moallem-inicia-visita-oficial-la-india","status":"publish","type":"post","link":"https:\/\/archive.sana.sy\/es\/?p=36319","title":{"rendered":"Canciller al Moallem inicia visita oficial la India"},"content":{"rendered":"<div><\/div>\n<div><span lang=\"ES-TRAD\" style=\"color: #800000\">Nueva Delhi, SANA<\/span><\/div>\n<div><span lang=\"ES-TRAD\">\u00a0<\/span><\/div>\n<div><span lang=\"ES-TRAD\">El Viceprimer Ministro y Ministro de Exteriores y Expatriados, Walid al Moallem, inici\u00f3 este lunes una visita a la India para mantener conversaciones con los altos funcionarios indios sobre la situaci\u00f3n actual de la regi\u00f3n, y las formas de fortalecer las relaciones bilaterales entre Siria y la India.<\/span><\/div>\n<div><\/div>\n<div><span style=\"color: #0000ff\">Fady M., Hala B.<\/span><\/div>\n<div class=\"yj6qo ajU\">\n<div id=\":vz\" class=\"ajR\"><img decoding=\"async\" class=\"ajT\" src=\"https:\/\/ssl.gstatic.com\/ui\/v1\/icons\/mail\/images\/cleardot.gif\" alt=\"\" \/><\/div>\n<\/div>\n","protected":false},"excerpt":{"rendered":"<p>Nueva Delhi, SANA \u00a0 El Viceprimer Ministro y Ministro de Exteriores y Expatriados, Walid al Moallem, inici\u00f3 este lunes una visita a la India para mantener conversaciones con los altos funcionarios indios sobre la situaci\u00f3n actual de la regi\u00f3n, y las formas de fortalecer las relaciones bilaterales entre Siria y la India. Fady M., Hala &hellip;<\/p>\n","protected":false},"author":1,"featured_media":36320,"comment_status":"closed","ping_status":"closed","sticky":false,"template":"","format":"standard","meta":{"footnotes":""},"categories":[456,457,576],"tags":[7746],"class_list":["post-36319","post","type-post","status-publish","format-standard","has-post-thumbnail","","category-arabe-internacional-politica","category-noticias-arabe-internacional-politica","category-noticias-politicas","tag-canciller-al-moallem-inicia-visita-oficial-la-india"],"_links":{"self":[{"href":"https:\/\/archive.sana.sy\/es\/index.php?rest_route=\/wp\/v2\/posts\/36319"}],"collection":[{"href":"https:\/\/archive.sana.sy\/es\/index.php?rest_route=\/wp\/v2\/posts"}],"about":[{"href":"https:\/\/archive.sana.sy\/es\/index.php?rest_route=\/wp\/v2\/types\/post"}],"author":[{"embeddable":true,"href":"https:\/\/archive.sana.sy\/es\/index.php?rest_route=\/wp\/v2\/users\/1"}],"replies":[{"embeddable":true,"href":"https:\/\/archive.sana.sy\/es\/index.php?rest_route=%2Fwp%2Fv2%2Fcomments&post=36319"}],"version-history":[{"count":0,"href":"https:\/\/archive.sana.sy\/es\/index.php?rest_route=\/wp\/v2\/posts\/36319\/revisions"}],"wp:featuredmedia":[{"embeddable":true,"href":"https:\/\/archive.sana.sy\/es\/index.php?rest_route=\/wp\/v2\/media\/36320"}],"wp:attachment":[{"href":"https:\/\/archive.sana.sy\/es\/index.php?rest_route=%2Fwp%2Fv2%2Fmedia&parent=36319"}],"wp:term":[{"taxonomy":"category","embeddable":true,"href":"https:\/\/archive.sana.sy\/es\/index.php?rest_route=%2Fwp%2Fv2%2Fcategories&post=36319"},{"taxonomy":"post_tag","embeddable":true,"href":"https:\/\/archive.sana.sy\/es\/index.php?rest_route=%2Fwp%2Fv2%2Ftags&post=36319"}],"curies":[{"name":"wp","href":"https:\/\/api.w.org\/{rel}","templated":true}]}}