{"id":36326,"date":"2016-01-11T13:07:50","date_gmt":"2016-01-11T11:07:50","guid":{"rendered":"http:\/\/sana.sy\/es\/?p=36326"},"modified":"2016-01-11T13:07:50","modified_gmt":"2016-01-11T11:07:50","slug":"putin-el-terrorismo-internacional-se-utilizo-en-contra-de-rusia","status":"publish","type":"post","link":"https:\/\/archive.sana.sy\/es\/?p=36326","title":{"rendered":"Putin: el terrorismo internacional se utiliz\u00f3 en contra de Rusia"},"content":{"rendered":"<div><span lang=\"ES-TRAD\" style=\"color: #800000\">Mosc\u00fa, SANA<\/span><\/div>\n<div><span lang=\"ES-TRAD\">\u00a0<\/span><\/div>\n<div><span lang=\"ES-TRAD\">El presidente de Rusia, Vlad\u00edmir Putin, asegur\u00f3 que su pa\u00eds no ha mantenido en ning\u00fan momento una postura &#8220;antioccidental&#8221;.<\/span><\/div>\n<div><span lang=\"ES-TRAD\">\u00a0<\/span><\/div>\n<div><span lang=\"ES-TRAD\">En una entrevista concedida al peri\u00f3dico alem\u00e1n &#8220;Bild&#8221;, el mandatario ruso asegur\u00f3 que Mosc\u00fa &#8220;se opuso firmemente contra lo que estaba pasando en Irak, Libia y otros pa\u00edses, pero Occidente no escuch\u00f3 sino que al contrario, consider\u00f3 que Rusia mantiene una postura anti occidental.<\/span><\/div>\n<div><span lang=\"ES-TRAD\">\u00a0<\/span><\/div>\n<div><span lang=\"ES-TRAD\">Denunci\u00f3 en la entrevista que el terrorismo internacional se utiliz\u00f3 en contra de Rusia, y prest\u00f3 ayuda pol\u00edtica, financiera y hasta militar a fuerzas que atentaban contra el Estado ruso.<\/span><\/div>\n<div><span lang=\"ES-TRAD\">\u00a0<\/span><\/div>\n<div><span lang=\"ES-TRAD\">En respuesta a una pregunta sobre qu\u00e9 errores ha cometido Occidente con respecto a Rusia, Putin dijo que las palabras son una cosa y los intereses geopol\u00edticos son otra bien distinta.<\/span><\/div>\n<div><span lang=\"ES-TRAD\">\u00a0<\/span><\/div>\n<div><span lang=\"ES-TRAD\">Asimismo, neg\u00f3 que su actitud sobre la pol\u00edtica internacional haya cambiado desde principios de los a\u00f1os 2000.<\/span><\/div>\n<div><span lang=\"ES-TRAD\">\u00a0<\/span><\/div>\n<div><span lang=\"ES-TRAD\">Putin hizo esta afirmaci\u00f3n despu\u00e9s de que los periodistas del rotativo le dijeron que desde 2007 lo ven muy diferente a como fue durante sus primeros a\u00f1os como presidente, cuando era amigo del entonces canciller alem\u00e1n Gerhard Schr\u00f6der y abogaba por evitar la confrontaci\u00f3n en Europa.<\/span><\/div>\n<div><span lang=\"ES-TRAD\">\u00a0<\/span><\/div>\n<div><span lang=\"ES-TRAD\">El mandatario subray\u00f3 que tampoco ha sufrido cambios en muchos a\u00f1os su actitud ante numerosos asuntos como la lucha contra el terrorismo.<\/span><\/div>\n<div><span lang=\"ES-TRAD\">\u00a0<\/span><\/div>\n<div><span lang=\"ES-TRAD\">Por otro lado, manifest\u00f3 que las crisis en Europa no ser\u00edan tan agudas sin la intensi\u00f3n de la OTAN de reinar y expandirse.<\/span><\/div>\n<div><span lang=\"ES-TRAD\">\u00a0<\/span><\/div>\n<div><span lang=\"ES-TRAD\">Para el l\u00edder ruso, &#8220;si hubiera habido voluntad pol\u00edtica&#8221;, la OTAN podr\u00eda haberse negado a admitir a nuevos miembros.<\/span><\/div>\n<div>\n<div>\n<span style=\"font-size: medium\"><b><span style=\"color: #0000bf\">Fady M., Hala B.<\/span><\/b><\/span><\/div>\n<\/div>\n<p>&nbsp;<\/p>\n","protected":false},"excerpt":{"rendered":"<p>Mosc\u00fa, SANA \u00a0 El presidente de Rusia, Vlad\u00edmir Putin, asegur\u00f3 que su pa\u00eds no ha mantenido en ning\u00fan momento una postura &#8220;antioccidental&#8221;. \u00a0 En una entrevista concedida al peri\u00f3dico alem\u00e1n &#8220;Bild&#8221;, el mandatario ruso asegur\u00f3 que Mosc\u00fa &#8220;se opuso firmemente contra lo que estaba pasando en Irak, Libia y otros pa\u00edses, pero Occidente no escuch\u00f3 &hellip;<\/p>\n","protected":false},"author":1,"featured_media":36327,"comment_status":"closed","ping_status":"closed","sticky":false,"template":"","format":"standard","meta":{"footnotes":""},"categories":[597,456,457,576,7541],"tags":[7748],"class_list":["post-36326","post","type-post","status-publish","format-standard","has-post-thumbnail","","category-cinta-de-noticias","category-arabe-internacional-politica","category-noticias-arabe-internacional-politica","category-noticias-politicas","category-ultimas-noticias","tag-putin-el-terrorismo-internacional-se-utilizo-en-contra-de-rusia"],"_links":{"self":[{"href":"https:\/\/archive.sana.sy\/es\/index.php?rest_route=\/wp\/v2\/posts\/36326"}],"collection":[{"href":"https:\/\/archive.sana.sy\/es\/index.php?rest_route=\/wp\/v2\/posts"}],"about":[{"href":"https:\/\/archive.sana.sy\/es\/index.php?rest_route=\/wp\/v2\/types\/post"}],"author":[{"embeddable":true,"href":"https:\/\/archive.sana.sy\/es\/index.php?rest_route=\/wp\/v2\/users\/1"}],"replies":[{"embeddable":true,"href":"https:\/\/archive.sana.sy\/es\/index.php?rest_route=%2Fwp%2Fv2%2Fcomments&post=36326"}],"version-history":[{"count":0,"href":"https:\/\/archive.sana.sy\/es\/index.php?rest_route=\/wp\/v2\/posts\/36326\/revisions"}],"wp:featuredmedia":[{"embeddable":true,"href":"https:\/\/archive.sana.sy\/es\/index.php?rest_route=\/wp\/v2\/media\/36327"}],"wp:attachment":[{"href":"https:\/\/archive.sana.sy\/es\/index.php?rest_route=%2Fwp%2Fv2%2Fmedia&parent=36326"}],"wp:term":[{"taxonomy":"category","embeddable":true,"href":"https:\/\/archive.sana.sy\/es\/index.php?rest_route=%2Fwp%2Fv2%2Fcategories&post=36326"},{"taxonomy":"post_tag","embeddable":true,"href":"https:\/\/archive.sana.sy\/es\/index.php?rest_route=%2Fwp%2Fv2%2Ftags&post=36326"}],"curies":[{"name":"wp","href":"https:\/\/api.w.org\/{rel}","templated":true}]}}