{"id":36330,"date":"2016-01-11T21:10:50","date_gmt":"2016-01-11T19:10:50","guid":{"rendered":"http:\/\/sana.sy\/es\/?p=36330"},"modified":"2016-01-11T21:37:15","modified_gmt":"2016-01-11T19:37:15","slug":"fuerzas-armadas-inician-una-amplia-ofensiva-antiterrorista-contra-khan-al-assal","status":"publish","type":"post","link":"https:\/\/archive.sana.sy\/es\/?p=36330","title":{"rendered":"Fuerzas Armadas inician una amplia ofensiva antiterrorista contra Khan al Assal"},"content":{"rendered":"<div>\n<div><span lang=\"ES-TRAD\" style=\"color: #800000\">Alepo, SANA<\/span><\/div>\n<div><span lang=\"ES-TRAD\">\u00a0<\/span><\/div>\n<div><span lang=\"ES-TRAD\">Unidades del Ej\u00e9rcito y las Fuerzas Armadas han iniciado esta ma\u00f1ana del lunes una amplia ofensiva militar antiterrorista contra la localidad de Khan Assal, en el oeste de Alepo.<\/span><\/div>\n<div><\/div>\n<div><span lang=\"ES-TRAD\">La ofensiva lanzada desde varios ejes, ha tenido lugar\u00a0con una cobertura por el fuego de la artiller\u00eda y por aviones de combate.<\/span><\/div>\n<div><\/div>\n<div>Una fuente militar anunci\u00f3 que unidades del ej\u00e9rcito retomaron el control del monte de Zietun y las colinas de Hazmar, situadas al oeste de la ciudad de Alepo, tras haber eliminado a los \u00faltimos reductos de las organizaciones terroristas all\u00ed.<\/div>\n<\/div>\n<div>\n<p>Seg\u00fan la fuente, el fuego de las fuerzas armadas cubre todas las rutas de la entrada sur de la ciudad, agregando que el ej\u00e9rcito dirige golpes contra centros de concentraci\u00f3n de terroristas en la zona de Rashidin.<\/p>\n<p>La fuente inform\u00f3 tambi\u00e9n que las unidades que operan en el campo este de la provincia, recuperaron el poblado de Aisha, tras infligir colosales p\u00e9rdidas a terroristas del EIIL, se\u00f1alando que los zapadores desactivaron decenas de artefactos explosivos colocados por los terroristas en las calles del poblado.<\/p>\n<p><span style=\"color: #0000ff\">Idleb-Hama<\/span><\/p>\n<p>En el campo de Idleb, unidades del ej\u00e9rcito abatieron a 20 terroristas en el poblado de Kafarruma. Entre los terroristas perecidos figuraban un cabecilla y un terrorista de nacionalidad libanesa, as\u00ed como destruyeron refugios y un blindado de terroristas en el mencionado poblado.<\/p>\n<p>Mientras en los poblados de Oram Yoz y Tal Raman, fueron eliminados 14 terroristas y devastado un veh\u00edculo suyo.<\/p>\n<p>En el campo de Hama, operativos del ej\u00e9rcito en el poblado de Atshan resultaron en la muerte de 8 extremistas y la herida de 10, adem\u00e1s de la destrucci\u00f3n de dos veh\u00edculos que utilizaban los terroristas para transportar armas y municiones.<\/p>\n<p>En paralelo, fueron abatidos 7 terroristas en el poblado de Zakat y destruida una sede de terroristas en el poblado de Latamineh.<\/p>\n<p><span style=\"color: #0000ff\">Deraa<\/span><\/p>\n<p>Una fuente militar inform\u00f3 el ej\u00e9rcito acab\u00f3 con u8n n\u00famero indeterminado de terroristas y les destruy\u00f3 sus armas y municiones en un operativo en el campamento de Nazhin, situado en las afueras de Deraa Balad.<\/p>\n<p>En el poblado de Jamrin, las fuerzas armadas arrasaron con un centro de concentraci\u00f3n de terroristas del frente Al-Nusra, dejando muertos o heridos entre sus filas.<\/p>\n<\/div>\n<div><\/div>\n<div>\n<div><span style=\"font-size: medium\"><b><span style=\"color: #0000bf\">Fady M., Hala B.-Y.K.<\/span><\/b><\/span><\/div>\n<\/div>\n<p>&nbsp;<\/p>\n","protected":false},"excerpt":{"rendered":"<p>Alepo, SANA \u00a0 Unidades del Ej\u00e9rcito y las Fuerzas Armadas han iniciado esta ma\u00f1ana del lunes una amplia ofensiva militar antiterrorista contra la localidad de Khan Assal, en el oeste de Alepo. La ofensiva lanzada desde varios ejes, ha tenido lugar\u00a0con una cobertura por el fuego de la artiller\u00eda y por aviones de combate. Una &hellip;<\/p>\n","protected":false},"author":1,"featured_media":36331,"comment_status":"closed","ping_status":"closed","sticky":false,"template":"","format":"standard","meta":{"footnotes":""},"categories":[573,583,7541],"tags":[7749],"class_list":["post-36330","post","type-post","status-publish","format-standard","has-post-thumbnail","","category-la-realidad-de-los-acontecimientos-en-siria","category-slide","category-ultimas-noticias","tag-fuerzas-armadas-inician-una-amplia-ofensiva-antiterrorista-contra-khan-al-assal"],"_links":{"self":[{"href":"https:\/\/archive.sana.sy\/es\/index.php?rest_route=\/wp\/v2\/posts\/36330"}],"collection":[{"href":"https:\/\/archive.sana.sy\/es\/index.php?rest_route=\/wp\/v2\/posts"}],"about":[{"href":"https:\/\/archive.sana.sy\/es\/index.php?rest_route=\/wp\/v2\/types\/post"}],"author":[{"embeddable":true,"href":"https:\/\/archive.sana.sy\/es\/index.php?rest_route=\/wp\/v2\/users\/1"}],"replies":[{"embeddable":true,"href":"https:\/\/archive.sana.sy\/es\/index.php?rest_route=%2Fwp%2Fv2%2Fcomments&post=36330"}],"version-history":[{"count":0,"href":"https:\/\/archive.sana.sy\/es\/index.php?rest_route=\/wp\/v2\/posts\/36330\/revisions"}],"wp:featuredmedia":[{"embeddable":true,"href":"https:\/\/archive.sana.sy\/es\/index.php?rest_route=\/wp\/v2\/media\/36331"}],"wp:attachment":[{"href":"https:\/\/archive.sana.sy\/es\/index.php?rest_route=%2Fwp%2Fv2%2Fmedia&parent=36330"}],"wp:term":[{"taxonomy":"category","embeddable":true,"href":"https:\/\/archive.sana.sy\/es\/index.php?rest_route=%2Fwp%2Fv2%2Fcategories&post=36330"},{"taxonomy":"post_tag","embeddable":true,"href":"https:\/\/archive.sana.sy\/es\/index.php?rest_route=%2Fwp%2Fv2%2Ftags&post=36330"}],"curies":[{"name":"wp","href":"https:\/\/api.w.org\/{rel}","templated":true}]}}