{"id":36343,"date":"2016-01-11T20:02:19","date_gmt":"2016-01-11T18:02:19","guid":{"rendered":"http:\/\/sana.sy\/es\/?p=36343"},"modified":"2016-01-11T20:05:27","modified_gmt":"2016-01-11T18:05:27","slug":"siria-e-iran-examinan-relaciones-bilaterales","status":"publish","type":"post","link":"https:\/\/archive.sana.sy\/es\/?p=36343","title":{"rendered":"Siria e Ir\u00e1n examinan relaciones bilaterales"},"content":{"rendered":"<p>Damasco-SANA<\/p>\n<p>El Presidente de la Asamblea Popular, Mohammed yihad al Laham, asevera que el terrorismo que enfrenta Siria desde hace cinco a\u00f1os ya ha fortalecido y afianzado a\u00fan m\u00e1s el eje de la resistencia a pesar de las complicaciones que presenta el panorama regional e internacional en su apoyo al terrorismo.<\/p>\n<p>Al-Laham, al recibir la ministro del interior de Ir\u00e1n Abdolreza Rahmani-Fazli, estim\u00f3 que las relaciones estrat\u00e9gicas existentes entre Siria e Ir\u00e1n seguir\u00e1n siendo un factor de estabilizaci\u00f3n y un garante para los pueblos de la regi\u00f3n ante los peligros que enfrentan, a\u00f1adiendo que por m\u00e1s que intenten los estados que promocionan el terrorismo en azuzar guerras y llevar a cabo ejecuciones, no permanecer\u00e1n impunes al castigo, sobre todo Arabia Saudita.<\/p>\n<p>Por su parte, el ministro del interior iran\u00ed Abdolreza Rahmani-Fazli, dijo que Siria, con su pueblo, ej\u00e9rcito y dirigencia, ha demostrado su resistencia de cara a las organizaciones terroristas, afirmando que tanto en lo pol\u00edtico como en el campo de batalla las cosas marchan hacia el logro de la victoria.<\/p>\n<p><img loading=\"lazy\" decoding=\"async\" class=\"alignnone size-medium wp-image-36345\" src=\"http:\/\/sana.sy\/es\/wp-content\/uploads\/2016\/01\/halaki-tunecino-300x168.jpg\" alt=\"halaki tunecino\" width=\"300\" height=\"168\" srcset=\"https:\/\/archive.sana.sy\/es\/wp-content\/uploads\/2016\/01\/halaki-tunecino.jpg 300w, https:\/\/archive.sana.sy\/es\/wp-content\/uploads\/2016\/01\/halaki-tunecino-150x84.jpg 150w\" sizes=\"(max-width: 300px) 100vw, 300px\" \/><br \/>\nEn el mismo contexto, el primer ministro Wael Al-Halaki, asegur\u00f3 que la consolidaci\u00f3n de la alianza estrat\u00e9gica entre Siria e Ir\u00e1n y el fortalecimiento del eje de la resistencia, han frustrado los planes de los enemigos de la regi\u00f3n.<\/p>\n<p>Durante su encuentro con el ministro del interior iran\u00ed, Abdolreza Rahmani-Fazli, Al-Halaki aclar\u00f3 que la alianza estrat\u00e9gica entre Siria e Ir\u00e1n, ha permitido restablecer el equilibrio en la regi\u00f3n, consolidando la firmeza del eje de la resistencia de cara a los peligros y desaf\u00edos.<\/p>\n<p>Al-Halaki se\u00f1al\u00f3 tambi\u00e9n que existen estados que promueven la adicci\u00f3n a la droga y el crimen organizado entre las nuevas generaciones de la regi\u00f3n para paralizar su capacidad productiva y creativa y as\u00ed cumplir sus planes de desestabilizar la zona y golpear su seguridad.<\/p>\n<p>En este marco, se abord\u00f3 la cooperaci\u00f3n bilateral entre los ministerios del interior de ambos pa\u00edses, en la lucha contra el crimen organizado y el terrorismo, as\u00ed como la importancia de activar los acuerdos suscritos entre sendas partes, para consolidar la firmeza de los dos pa\u00edses de cara a los planes extranjeros que atentan contra sus seguridad y estabilidad.<\/p>\n<p>Por su parte, el titular iran\u00ed, afirm\u00f3 que los enemigos de la regi\u00f3n son el ente sionista, Estados Unidos y la ideolog\u00eda extremista criminal, ante los cuales hay que fortalecer la unidad y la armon\u00eda del mundo musulm\u00e1n.<\/p>\n<p><img loading=\"lazy\" decoding=\"async\" class=\"alignnone size-medium wp-image-36347\" src=\"http:\/\/sana.sy\/es\/wp-content\/uploads\/2016\/01\/shaar-300x168.jpg\" alt=\"shaar\" width=\"300\" height=\"168\" srcset=\"https:\/\/archive.sana.sy\/es\/wp-content\/uploads\/2016\/01\/shaar.jpg 300w, https:\/\/archive.sana.sy\/es\/wp-content\/uploads\/2016\/01\/shaar-150x84.jpg 150w\" sizes=\"(max-width: 300px) 100vw, 300px\" \/><br \/>\nDe igual modo, el ministro del interior sirio, el general Muhammad Al-Shaar, examin\u00f3 con su par iran\u00ed, la cooperaci\u00f3n bilateral entre ambos pa\u00edses, especialmente en el marco de la lucha contra el terrorismo.<\/p>\n<p>As\u00ed como, los dos titulares, debatieron la aplicaci\u00f3n de los memorandos de entendimiento firmados entres sendos pa\u00edses en el \u00e1mbito de la seguridad y del trabajo policial, durante la visita que realiz\u00f3 Al-Shaar a Teher\u00e1n el pasado a\u00f1o.<\/p>\n<p>Yamil K.<\/p>\n","protected":false},"excerpt":{"rendered":"<p>Damasco-SANA El Presidente de la Asamblea Popular, Mohammed yihad al Laham, asevera que el terrorismo que enfrenta Siria desde hace cinco a\u00f1os ya ha fortalecido y afianzado a\u00fan m\u00e1s el eje de la resistencia a pesar de las complicaciones que presenta el panorama regional e internacional en su apoyo al terrorismo. Al-Laham, al recibir la &hellip;<\/p>\n","protected":false},"author":1,"featured_media":36344,"comment_status":"closed","ping_status":"closed","sticky":false,"template":"","format":"standard","meta":{"footnotes":""},"categories":[477,476,583,7541],"tags":[],"class_list":["post-36343","post","type-post","status-publish","format-standard","has-post-thumbnail","","category-noticias-edulcorantes","category-locales","category-slide","category-ultimas-noticias"],"_links":{"self":[{"href":"https:\/\/archive.sana.sy\/es\/index.php?rest_route=\/wp\/v2\/posts\/36343"}],"collection":[{"href":"https:\/\/archive.sana.sy\/es\/index.php?rest_route=\/wp\/v2\/posts"}],"about":[{"href":"https:\/\/archive.sana.sy\/es\/index.php?rest_route=\/wp\/v2\/types\/post"}],"author":[{"embeddable":true,"href":"https:\/\/archive.sana.sy\/es\/index.php?rest_route=\/wp\/v2\/users\/1"}],"replies":[{"embeddable":true,"href":"https:\/\/archive.sana.sy\/es\/index.php?rest_route=%2Fwp%2Fv2%2Fcomments&post=36343"}],"version-history":[{"count":0,"href":"https:\/\/archive.sana.sy\/es\/index.php?rest_route=\/wp\/v2\/posts\/36343\/revisions"}],"wp:featuredmedia":[{"embeddable":true,"href":"https:\/\/archive.sana.sy\/es\/index.php?rest_route=\/wp\/v2\/media\/36344"}],"wp:attachment":[{"href":"https:\/\/archive.sana.sy\/es\/index.php?rest_route=%2Fwp%2Fv2%2Fmedia&parent=36343"}],"wp:term":[{"taxonomy":"category","embeddable":true,"href":"https:\/\/archive.sana.sy\/es\/index.php?rest_route=%2Fwp%2Fv2%2Fcategories&post=36343"},{"taxonomy":"post_tag","embeddable":true,"href":"https:\/\/archive.sana.sy\/es\/index.php?rest_route=%2Fwp%2Fv2%2Ftags&post=36343"}],"curies":[{"name":"wp","href":"https:\/\/api.w.org\/{rel}","templated":true}]}}