{"id":36372,"date":"2016-01-12T11:52:25","date_gmt":"2016-01-12T09:52:25","guid":{"rendered":"http:\/\/sana.sy\/es\/?p=36372"},"modified":"2016-01-12T11:52:25","modified_gmt":"2016-01-12T09:52:25","slug":"fuerzas-sionistas-arrestan-a-11-palestinos-entre-ellos-un-periodista","status":"publish","type":"post","link":"https:\/\/archive.sana.sy\/es\/?p=36372","title":{"rendered":"Fuerzas sionistas arrestan a 11 palestinos, entre ellos un periodista"},"content":{"rendered":"<div><span lang=\"ES-TRAD\" style=\"color: #800000\">Jerusal\u00e9n, SANA<\/span><\/div>\n<div><span lang=\"ES-TRAD\">\u00a0<\/span><\/div>\n<div><span lang=\"ES-TRAD\">Las fuerzas de ocupaci\u00f3n israel\u00edes arrestaron este martes a 11 palestinos, entre ellos un periodista, durante redadas lanzadas en varios pueblos y ciudades de Cisjordania y la ocupada ciudad de Jerusal\u00e9n.<\/span><\/div>\n<div><span lang=\"ES-TRAD\">\u00a0<\/span><\/div>\n<div><span lang=\"ES-TRAD\">En la ciudad de Jenin, las fuerzas de ocupaci\u00f3n detuvieron al corresponsal del canal &#8220;Palestina&#8221;, Mujahid Mohammed Assadi, despu\u00e9s de allanar su casa, y luego lo llevaron a un lugar desconocido.<\/span><\/div>\n<div><span lang=\"ES-TRAD\">\u00a0<\/span><\/div>\n<div><span lang=\"ES-TRAD\">En Jerusal\u00e9n, las fuerzas israel\u00edes arrestaron a cuatro palestinos, entre ellos dos ni\u00f1os despu\u00e9s de asaltar su casa.<\/span><\/div>\n<div><span lang=\"ES-TRAD\">\u00a0<\/span><\/div>\n<div><span lang=\"ES-TRAD\">Cabe resaltar que las fuerzas de ocupaci\u00f3n arrestaron el lunes a 17 palestinos en Cisjordania.<\/span><\/div>\n<div><\/div>\n<div>\n<div>\n<span style=\"font-size: medium\"><b><span style=\"color: #0000bf\">Fady M., Hala B.<\/span><\/b><\/span><\/div>\n<\/div>\n<p>&nbsp;<\/p>\n","protected":false},"excerpt":{"rendered":"<p>Jerusal\u00e9n, SANA \u00a0 Las fuerzas de ocupaci\u00f3n israel\u00edes arrestaron este martes a 11 palestinos, entre ellos un periodista, durante redadas lanzadas en varios pueblos y ciudades de Cisjordania y la ocupada ciudad de Jerusal\u00e9n. \u00a0 En la ciudad de Jenin, las fuerzas de ocupaci\u00f3n detuvieron al corresponsal del canal &#8220;Palestina&#8221;, Mujahid Mohammed Assadi, despu\u00e9s de &hellip;<\/p>\n","protected":false},"author":1,"featured_media":36373,"comment_status":"closed","ping_status":"closed","sticky":false,"template":"","format":"standard","meta":{"footnotes":""},"categories":[456,457],"tags":[7753,7752],"class_list":["post-36372","post","type-post","status-publish","format-standard","has-post-thumbnail","","category-arabe-internacional-politica","category-noticias-arabe-internacional-politica","tag-entre-ellos-un-periodista","tag-fuerzas-sionistas-arrestan-a-11-palestinos"],"_links":{"self":[{"href":"https:\/\/archive.sana.sy\/es\/index.php?rest_route=\/wp\/v2\/posts\/36372"}],"collection":[{"href":"https:\/\/archive.sana.sy\/es\/index.php?rest_route=\/wp\/v2\/posts"}],"about":[{"href":"https:\/\/archive.sana.sy\/es\/index.php?rest_route=\/wp\/v2\/types\/post"}],"author":[{"embeddable":true,"href":"https:\/\/archive.sana.sy\/es\/index.php?rest_route=\/wp\/v2\/users\/1"}],"replies":[{"embeddable":true,"href":"https:\/\/archive.sana.sy\/es\/index.php?rest_route=%2Fwp%2Fv2%2Fcomments&post=36372"}],"version-history":[{"count":0,"href":"https:\/\/archive.sana.sy\/es\/index.php?rest_route=\/wp\/v2\/posts\/36372\/revisions"}],"wp:featuredmedia":[{"embeddable":true,"href":"https:\/\/archive.sana.sy\/es\/index.php?rest_route=\/wp\/v2\/media\/36373"}],"wp:attachment":[{"href":"https:\/\/archive.sana.sy\/es\/index.php?rest_route=%2Fwp%2Fv2%2Fmedia&parent=36372"}],"wp:term":[{"taxonomy":"category","embeddable":true,"href":"https:\/\/archive.sana.sy\/es\/index.php?rest_route=%2Fwp%2Fv2%2Fcategories&post=36372"},{"taxonomy":"post_tag","embeddable":true,"href":"https:\/\/archive.sana.sy\/es\/index.php?rest_route=%2Fwp%2Fv2%2Ftags&post=36372"}],"curies":[{"name":"wp","href":"https:\/\/api.w.org\/{rel}","templated":true}]}}