{"id":36430,"date":"2016-01-12T21:54:17","date_gmt":"2016-01-12T19:54:17","guid":{"rendered":"http:\/\/sana.sy\/es\/?p=36430"},"modified":"2016-01-12T22:35:54","modified_gmt":"2016-01-12T20:35:54","slug":"fuerza-de-seguridad-libanesa-detiene-a-un-ciudadano-sirio-por-pertenecer-a-daesh","status":"publish","type":"post","link":"https:\/\/archive.sana.sy\/es\/?p=36430","title":{"rendered":"Fuerza de Seguridad libanesa detiene a un ciudadano sirio por pertenecer a Daesh"},"content":{"rendered":"<p style=\"text-align: justify\"><span style=\"color: #800000\">Beirut, SANA<\/span>\u2013 La direcci\u00f3n de Monte L\u00edbano de la Seguridad del Estado arrest\u00f3 a un ciudadano sirio por pertenecer al \u201cEstado Isl\u00e1mico \u2013 Daesh\u201d que permanec\u00eda en L\u00edbano con documentaci\u00f3n falsa tras haber entrado ilegalmente en el pa\u00eds y se comunicaba con el emir de la organizaci\u00f3n en Raqqa mediante un n\u00famero de tel\u00e9fono brit\u00e1nico\u201d.<\/p>\n<p style=\"text-align: justify\">El terrorista est\u00e1 siendo investigado bajo la supervisi\u00f3n del tribunal competente, seg\u00fan inform\u00f3 \u00a0la agencia libanesa ANN.<\/p>\n<p>M.Miri<\/p>\n","protected":false},"excerpt":{"rendered":"<p>Beirut, SANA\u2013 La direcci\u00f3n de Monte L\u00edbano de la Seguridad del Estado arrest\u00f3 a un ciudadano sirio por pertenecer al \u201cEstado Isl\u00e1mico \u2013 Daesh\u201d que permanec\u00eda en L\u00edbano con documentaci\u00f3n falsa tras haber entrado ilegalmente en el pa\u00eds y se comunicaba con el emir de la organizaci\u00f3n en Raqqa mediante un n\u00famero de tel\u00e9fono brit\u00e1nico\u201d. &hellip;<\/p>\n","protected":false},"author":1,"featured_media":36433,"comment_status":"closed","ping_status":"closed","sticky":false,"template":"","format":"standard","meta":{"footnotes":""},"categories":[456,457],"tags":[7763],"class_list":["post-36430","post","type-post","status-publish","format-standard","has-post-thumbnail","","category-arabe-internacional-politica","category-noticias-arabe-internacional-politica","tag-fuerza-de-seguridad-libanesa-detiene-a-un-ciudadano-sirio-por-pertenecer-a-daesh"],"_links":{"self":[{"href":"https:\/\/archive.sana.sy\/es\/index.php?rest_route=\/wp\/v2\/posts\/36430"}],"collection":[{"href":"https:\/\/archive.sana.sy\/es\/index.php?rest_route=\/wp\/v2\/posts"}],"about":[{"href":"https:\/\/archive.sana.sy\/es\/index.php?rest_route=\/wp\/v2\/types\/post"}],"author":[{"embeddable":true,"href":"https:\/\/archive.sana.sy\/es\/index.php?rest_route=\/wp\/v2\/users\/1"}],"replies":[{"embeddable":true,"href":"https:\/\/archive.sana.sy\/es\/index.php?rest_route=%2Fwp%2Fv2%2Fcomments&post=36430"}],"version-history":[{"count":0,"href":"https:\/\/archive.sana.sy\/es\/index.php?rest_route=\/wp\/v2\/posts\/36430\/revisions"}],"wp:featuredmedia":[{"embeddable":true,"href":"https:\/\/archive.sana.sy\/es\/index.php?rest_route=\/wp\/v2\/media\/36433"}],"wp:attachment":[{"href":"https:\/\/archive.sana.sy\/es\/index.php?rest_route=%2Fwp%2Fv2%2Fmedia&parent=36430"}],"wp:term":[{"taxonomy":"category","embeddable":true,"href":"https:\/\/archive.sana.sy\/es\/index.php?rest_route=%2Fwp%2Fv2%2Fcategories&post=36430"},{"taxonomy":"post_tag","embeddable":true,"href":"https:\/\/archive.sana.sy\/es\/index.php?rest_route=%2Fwp%2Fv2%2Ftags&post=36430"}],"curies":[{"name":"wp","href":"https:\/\/api.w.org\/{rel}","templated":true}]}}