{"id":36441,"date":"2016-01-13T12:56:26","date_gmt":"2016-01-13T10:56:26","guid":{"rendered":"http:\/\/sana.sy\/es\/?p=36441"},"modified":"2016-01-13T12:56:26","modified_gmt":"2016-01-13T10:56:26","slug":"obama-insta-al-congreso-a-levantar-el-bloqueo-economico-contra-cuba","status":"publish","type":"post","link":"https:\/\/archive.sana.sy\/es\/?p=36441","title":{"rendered":"Obama insta al Congreso a levantar el bloqueo econ\u00f3mico contra Cuba"},"content":{"rendered":"<div><span lang=\"ES-TRAD\" style=\"color: #800000\">Washington, SANA<\/span><\/div>\n<div><span lang=\"ES-TRAD\">\u00a0<\/span><\/div>\n<div><span lang=\"ES-TRAD\">El presidente estadounidense, Barack Obama, pidi\u00f3 al Congreso durante su discurso sobre el estado de la Uni\u00f3n, que levante el bloqueo econ\u00f3mico, comercial y financiero impuesto contra Cuba desde hace m\u00e1s de cinco d\u00e9cadas.<\/span><\/div>\n<div><span lang=\"ES-TRAD\">\u00a0<\/span><\/div>\n<div><span lang=\"ES-TRAD\">El mandatario resalt\u00f3 la importancia del restablecimiento de las relaciones con la isla caribe\u00f1a, y se\u00f1al\u00f3 que m\u00e1s de 50 a\u00f1os de aislamiento a Cuba fracasaron en promover los intereses norteamericanos y crearon problemas para Estados Unidos en Am\u00e9rica Latina.<\/span><\/div>\n<div><span lang=\"ES-TRAD\">\u00a0<\/span><\/div>\n<div><span lang=\"ES-TRAD\">Adem\u00e1s, en su discurso de poco m\u00e1s de una hora de duraci\u00f3n ante las dos c\u00e1maras del Capitolio, Obama enumer\u00f3 los principales logros y frustraciones de su gesti\u00f3n en 2015.<\/span><\/div>\n<div><span lang=\"ES-TRAD\">\u00a0<\/span><\/div>\n<div><span lang=\"ES-TRAD\">Llam\u00f3 a cooperar con el cierre de la c\u00e1rcel en la base naval de Guant\u00e1namo, un centro de internamiento que desde 2002 Washington mantiene en ese enclave militar ubicado en territorio cubano contra la voluntad del pueblo y Gobierno de la isla.<\/span><\/div>\n<div><span lang=\"ES-TRAD\">\u00a0<\/span><\/div>\n<div><span lang=\"ES-TRAD\">El mandatario pidi\u00f3 apoyo al Congreso para llevar adelante su estrategia de lucha contra el Estado Isl\u00e1mico (EI), que en los \u00faltimos meses fue cuestionada por el liderazgo del partido rojo y otros sectores de la sociedad norteamericana, por la supuesta falta de resultados concretos en el campo de batalla.<\/span><\/div>\n<div><span lang=\"ES-TRAD\">\u00a0<\/span><\/div>\n<div><span lang=\"ES-TRAD\">Adem\u00e1s, destac\u00f3 la importancia del hist\u00f3rico acuerdo nuclear alcanzado entre Ir\u00e1n, los cinco miembros permanentes del Consejo de Seguridad de la ONU y Alemania, y en general dibuj\u00f3 un panorama optimista del futuro de la naci\u00f3n, a diferencia de las perspectivas negativas que proyecta la campa\u00f1a republicana.<\/span><\/div>\n<div>\n<div>\n<span style=\"font-size: medium\"><b><span style=\"color: #0000bf\">Fady Ma., Hala B.<\/span><\/b><\/span><\/div>\n<\/div>\n<p>&nbsp;<\/p>\n","protected":false},"excerpt":{"rendered":"<p>Washington, SANA \u00a0 El presidente estadounidense, Barack Obama, pidi\u00f3 al Congreso durante su discurso sobre el estado de la Uni\u00f3n, que levante el bloqueo econ\u00f3mico, comercial y financiero impuesto contra Cuba desde hace m\u00e1s de cinco d\u00e9cadas. \u00a0 El mandatario resalt\u00f3 la importancia del restablecimiento de las relaciones con la isla caribe\u00f1a, y se\u00f1al\u00f3 que &hellip;<\/p>\n","protected":false},"author":1,"featured_media":36442,"comment_status":"closed","ping_status":"closed","sticky":false,"template":"","format":"standard","meta":{"footnotes":""},"categories":[456,457,576],"tags":[7766],"class_list":["post-36441","post","type-post","status-publish","format-standard","has-post-thumbnail","","category-arabe-internacional-politica","category-noticias-arabe-internacional-politica","category-noticias-politicas","tag-obama-insta-al-congreso-a-levantar-el-bloqueo-economico-contra-cuba"],"_links":{"self":[{"href":"https:\/\/archive.sana.sy\/es\/index.php?rest_route=\/wp\/v2\/posts\/36441"}],"collection":[{"href":"https:\/\/archive.sana.sy\/es\/index.php?rest_route=\/wp\/v2\/posts"}],"about":[{"href":"https:\/\/archive.sana.sy\/es\/index.php?rest_route=\/wp\/v2\/types\/post"}],"author":[{"embeddable":true,"href":"https:\/\/archive.sana.sy\/es\/index.php?rest_route=\/wp\/v2\/users\/1"}],"replies":[{"embeddable":true,"href":"https:\/\/archive.sana.sy\/es\/index.php?rest_route=%2Fwp%2Fv2%2Fcomments&post=36441"}],"version-history":[{"count":0,"href":"https:\/\/archive.sana.sy\/es\/index.php?rest_route=\/wp\/v2\/posts\/36441\/revisions"}],"wp:featuredmedia":[{"embeddable":true,"href":"https:\/\/archive.sana.sy\/es\/index.php?rest_route=\/wp\/v2\/media\/36442"}],"wp:attachment":[{"href":"https:\/\/archive.sana.sy\/es\/index.php?rest_route=%2Fwp%2Fv2%2Fmedia&parent=36441"}],"wp:term":[{"taxonomy":"category","embeddable":true,"href":"https:\/\/archive.sana.sy\/es\/index.php?rest_route=%2Fwp%2Fv2%2Fcategories&post=36441"},{"taxonomy":"post_tag","embeddable":true,"href":"https:\/\/archive.sana.sy\/es\/index.php?rest_route=%2Fwp%2Fv2%2Ftags&post=36441"}],"curies":[{"name":"wp","href":"https:\/\/api.w.org\/{rel}","templated":true}]}}