{"id":36444,"date":"2016-01-13T12:58:53","date_gmt":"2016-01-13T10:58:53","guid":{"rendered":"http:\/\/sana.sy\/es\/?p=36444"},"modified":"2016-01-13T18:17:45","modified_gmt":"2016-01-13T16:17:45","slug":"ministro-de-asuntos-religiosos-siria-derrotara-a-los-enemigos-de-la-civilizacion-y-la-humanidad","status":"publish","type":"post","link":"https:\/\/archive.sana.sy\/es\/?p=36444","title":{"rendered":"Ministro de Asuntos Religiosos: Siria derrotar\u00e1 a los enemigos de la civilizaci\u00f3n y la humanidad"},"content":{"rendered":"<div><span lang=\"ES-TRAD\" style=\"color: #800000\">Damasco, SANA<\/span><\/div>\n<div><span lang=\"ES-TRAD\">\u00a0<\/span><\/div>\n<div><span lang=\"ES-TRAD\">El ministro de Asuntos Religiosos (Awqaf), Mohammed Abdul Sattar Sayyed, afirm\u00f3 que Siria derrotar\u00e1 a los enemigos de la civilizaci\u00f3n y la humanidad, y a los defensores de la ideolog\u00eda terrorista y wahab\u00ed.<\/span><\/div>\n<div><span lang=\"ES-TRAD\">\u00a0<\/span><\/div>\n<div><span lang=\"ES-TRAD\">Durante su participaci\u00f3n en una ceremonia religiosa con motivo de la conmemoraci\u00f3n del nacimiento del profeta Mahoma, el Ministro de Awqaf dijo que &#8220;el Islam que dio su luz a todo el mundo en el siglo XVII, es el que va a restaurar la cohesi\u00f3n nacional a trav\u00e9s de la uni\u00f3n entre el ej\u00e9rcito y el pueblo, y sus sacrificios por la unidad y la dignidad&#8221;.<\/span><\/div>\n<div><span lang=\"ES-TRAD\">\u00a0<\/span><\/div>\n<div><span lang=\"ES-TRAD\">Asimismo, reafirm\u00f3 que &#8220;Siria, Ej\u00e9rcito y pueblo, erradicar\u00e1 a la ideolog\u00eda oscurantista extremista que no tienen nada que ver con el Islam&#8221;.<\/span><\/div>\n<div><span lang=\"ES-TRAD\">\u00a0<\/span><\/div>\n<div><span lang=\"ES-TRAD\">Tambi\u00e9n, llam\u00f3 a desempe\u00f1ar m\u00e1s esfuerzos para promover y difundir los valores de la tolerancia y el amor, y poner al descubierto las fatwas que no tienen nada que ver con el Islam verdadero.<\/span><\/div>\n<div><\/div>\n<div><\/div>\n<div><\/div>\n<div>\n<div><span style=\"font-size: medium\"><b><span style=\"color: #0000bf\">Fady M.,Hala B.<\/span><\/b><\/span><\/div>\n<\/div>\n<p>&nbsp;<\/p>\n","protected":false},"excerpt":{"rendered":"<p>Damasco, SANA \u00a0 El ministro de Asuntos Religiosos (Awqaf), Mohammed Abdul Sattar Sayyed, afirm\u00f3 que Siria derrotar\u00e1 a los enemigos de la civilizaci\u00f3n y la humanidad, y a los defensores de la ideolog\u00eda terrorista y wahab\u00ed. \u00a0 Durante su participaci\u00f3n en una ceremonia religiosa con motivo de la conmemoraci\u00f3n del nacimiento del profeta Mahoma, el &hellip;<\/p>\n","protected":false},"author":1,"featured_media":36445,"comment_status":"closed","ping_status":"closed","sticky":false,"template":"","format":"standard","meta":{"footnotes":""},"categories":[477,476,7541],"tags":[7767],"class_list":["post-36444","post","type-post","status-publish","format-standard","has-post-thumbnail","","category-noticias-edulcorantes","category-locales","category-ultimas-noticias","tag-ministro-de-asuntos-religiosos-siria-derrotara-a-los-enemigos-de-la-civilizacion-y-la-humanidad"],"_links":{"self":[{"href":"https:\/\/archive.sana.sy\/es\/index.php?rest_route=\/wp\/v2\/posts\/36444"}],"collection":[{"href":"https:\/\/archive.sana.sy\/es\/index.php?rest_route=\/wp\/v2\/posts"}],"about":[{"href":"https:\/\/archive.sana.sy\/es\/index.php?rest_route=\/wp\/v2\/types\/post"}],"author":[{"embeddable":true,"href":"https:\/\/archive.sana.sy\/es\/index.php?rest_route=\/wp\/v2\/users\/1"}],"replies":[{"embeddable":true,"href":"https:\/\/archive.sana.sy\/es\/index.php?rest_route=%2Fwp%2Fv2%2Fcomments&post=36444"}],"version-history":[{"count":0,"href":"https:\/\/archive.sana.sy\/es\/index.php?rest_route=\/wp\/v2\/posts\/36444\/revisions"}],"wp:featuredmedia":[{"embeddable":true,"href":"https:\/\/archive.sana.sy\/es\/index.php?rest_route=\/wp\/v2\/media\/36445"}],"wp:attachment":[{"href":"https:\/\/archive.sana.sy\/es\/index.php?rest_route=%2Fwp%2Fv2%2Fmedia&parent=36444"}],"wp:term":[{"taxonomy":"category","embeddable":true,"href":"https:\/\/archive.sana.sy\/es\/index.php?rest_route=%2Fwp%2Fv2%2Fcategories&post=36444"},{"taxonomy":"post_tag","embeddable":true,"href":"https:\/\/archive.sana.sy\/es\/index.php?rest_route=%2Fwp%2Fv2%2Ftags&post=36444"}],"curies":[{"name":"wp","href":"https:\/\/api.w.org\/{rel}","templated":true}]}}